{"id":1489,"date":"2018-03-06T14:20:08","date_gmt":"2018-03-06T12:20:08","guid":{"rendered":"http:\/\/emtsam.org\/blog\/?p=1489"},"modified":"2023-07-21T16:59:40","modified_gmt":"2023-07-21T14:59:40","slug":"la-emt-ganadora-de-los-premios-en-el-xvi-dia-municipal-de-la-calidad","status":"publish","type":"post","link":"https:\/\/emtsam.org\/blog\/la-emt-ganadora-de-los-premios-en-el-xvi-dia-municipal-de-la-calidad\/","title":{"rendered":"La EMT ganadora de los premios en el XVI D\u00eda Municipal de la Calidad"},"content":{"rendered":"<p style=\"text-align: justify;\">El d\u00eda 5 de marzo se celebr\u00f3 el D\u00eda Municipal de la Calidad donde la EMT present\u00f3 dos proyectos a los Premios a la Calidad y a la Innovaci\u00f3n 2017.<\/p>\n<p style=\"text-align: justify;\"><a href=\"https:\/\/emtsam.org\/blog\/wp-content\/uploads\/2018\/03\/WhatsApp-Image-2018-03-05-at-13.40.01.jpeg\"><img loading=\"lazy\" decoding=\"async\" class=\"aligncenter size-medium wp-image-1496\" src=\"https:\/\/emtsam.org\/blog\/wp-content\/uploads\/2018\/03\/WhatsApp-Image-2018-03-05-at-13.40.01-300x225.jpeg\" alt=\"Trabajadores de la EMT recogiendo los premios\" width=\"300\" height=\"225\" srcset=\"https:\/\/emtsam.org\/blog\/wp-content\/uploads\/2018\/03\/WhatsApp-Image-2018-03-05-at-13.40.01-300x225.jpeg 300w, https:\/\/emtsam.org\/blog\/wp-content\/uploads\/2018\/03\/WhatsApp-Image-2018-03-05-at-13.40.01-1024x768.jpeg 1024w, https:\/\/emtsam.org\/blog\/wp-content\/uploads\/2018\/03\/WhatsApp-Image-2018-03-05-at-13.40.01-624x468.jpeg 624w, https:\/\/emtsam.org\/blog\/wp-content\/uploads\/2018\/03\/WhatsApp-Image-2018-03-05-at-13.40.01.jpeg 1600w\" sizes=\"auto, (max-width: 300px) 100vw, 300px\" \/><\/a><\/p>\n<p style=\"text-align: justify;\">En la categor\u00eda de&nbsp;<strong>Mejor Iniciativa del Ayuntamiento de M\u00e1laga en Calidad&nbsp;<\/strong>fue presentado el Plan Estrat\u00e9gico de Comunicaci\u00f3n Interna y, en particular, la aplicaci\u00f3n <strong>Emplea2<\/strong> desarrollada \u00edntegramente por personal de la EMT. Esta aplicaci\u00f3n, para m\u00f3vil y pc permite gestionar todas las comunicaciones entre los miembros de la plantilla de la EMT; enviar sugerencias internas, consultar la n\u00f3mina, gestionar todo tipo de tr\u00e1mites y recibir todas las noticias de la empresa en el m\u00f3vil. Supone un salto de gigante en la comunicaci\u00f3n interna de la EMT, y as\u00ed ha sido reconocido.<\/p>\n<p>&nbsp;<\/p>\n<figure id=\"attachment_1490\" aria-describedby=\"caption-attachment-1490\" style=\"width: 300px\" class=\"wp-caption aligncenter\"><a href=\"https:\/\/emtsam.org\/blog\/wp-content\/uploads\/2018\/03\/IMG_0386.jpg\"><img loading=\"lazy\" decoding=\"async\" class=\"wp-image-1490 size-medium\" src=\"https:\/\/emtsam.org\/blog\/wp-content\/uploads\/2018\/03\/IMG_0386-300x225.jpg\" alt=\"Premio calidad\" width=\"300\" height=\"225\" srcset=\"https:\/\/emtsam.org\/blog\/wp-content\/uploads\/2018\/03\/IMG_0386-300x225.jpg 300w, https:\/\/emtsam.org\/blog\/wp-content\/uploads\/2018\/03\/IMG_0386.jpg 320w\" sizes=\"auto, (max-width: 300px) 100vw, 300px\" \/><\/a><figcaption id=\"caption-attachment-1490\" class=\"wp-caption-text\">Premio a la Mejor Iniciativa del Ayuntamiento de M\u00e1laga en Calidad<\/figcaption><\/figure>\n<p style=\"text-align: justify;\">El segundo proyecto premiado es un proyecto de <strong>Responsabilidad Social Corporativa (RSC)<\/strong>. Se trata de una nueva funcionalidad dentro de nuestra App EMT M\u00e1laga, que se encuentra a\u00fan en fase de desarrollo, llamado \u00abSeguimiento de Trayecto\u00bb&nbsp; o \u00abGu\u00eda de trayecto\u00bb que facilitar\u00e1 los desplazamientos a personas con cualquier tipo de discapacidad. En definitiva supone dotar de plena autonom\u00eda a las personas que tienen alg\u00fan tipo de discapacidad, en particular visual.<\/p>\n<p style=\"text-align: justify;\">El premio obtenido lo es a&nbsp;<strong>&nbsp;la Innovaci\u00f3n a la Ciudadan\u00eda. <\/strong>Esta iniciativa, pionera en Espa\u00f1a y a nivel internacional, ha sido desarrollada en colaboraci\u00f3n con la ONCE.<\/p>\n<figure id=\"attachment_1491\" aria-describedby=\"caption-attachment-1491\" style=\"width: 300px\" class=\"wp-caption aligncenter\"><a href=\"https:\/\/emtsam.org\/blog\/wp-content\/uploads\/2018\/03\/IMG_0387.jpg\"><img loading=\"lazy\" decoding=\"async\" class=\"size-medium wp-image-1491\" src=\"https:\/\/emtsam.org\/blog\/wp-content\/uploads\/2018\/03\/IMG_0387-300x225.jpg\" alt=\"Premio a la Innovaci\u00f3n a la Ciudadan\u00eda\" width=\"300\" height=\"225\" srcset=\"https:\/\/emtsam.org\/blog\/wp-content\/uploads\/2018\/03\/IMG_0387-300x225.jpg 300w, https:\/\/emtsam.org\/blog\/wp-content\/uploads\/2018\/03\/IMG_0387.jpg 320w\" sizes=\"auto, (max-width: 300px) 100vw, 300px\" \/><\/a><figcaption id=\"caption-attachment-1491\" class=\"wp-caption-text\">Premio a la Innovaci\u00f3n a la Ciudadan\u00eda<\/figcaption><\/figure>\n<p style=\"text-align: justify;\">\n","protected":false},"excerpt":{"rendered":"<p>El d\u00eda 5 de marzo se celebr\u00f3 el D\u00eda Municipal de la Calidad donde la EMT present\u00f3 dos proyectos a&#8230;<\/p>\n","protected":false},"author":1,"featured_media":1496,"comment_status":"closed","ping_status":"closed","sticky":false,"template":"","format":"standard","meta":{"footnotes":""},"categories":[165,166,164],"tags":[],"class_list":["post-1489","post","type-post","status-publish","format-standard","has-post-thumbnail","hentry","category-calidad","category-innovacion","category-premios"],"_links":{"self":[{"href":"https:\/\/emtsam.org\/blog\/wp-json\/wp\/v2\/posts\/1489","targetHints":{"allow":["GET"]}}],"collection":[{"href":"https:\/\/emtsam.org\/blog\/wp-json\/wp\/v2\/posts"}],"about":[{"href":"https:\/\/emtsam.org\/blog\/wp-json\/wp\/v2\/types\/post"}],"author":[{"embeddable":true,"href":"https:\/\/emtsam.org\/blog\/wp-json\/wp\/v2\/users\/1"}],"replies":[{"embeddable":true,"href":"https:\/\/emtsam.org\/blog\/wp-json\/wp\/v2\/comments?post=1489"}],"version-history":[{"count":6,"href":"https:\/\/emtsam.org\/blog\/wp-json\/wp\/v2\/posts\/1489\/revisions"}],"predecessor-version":[{"id":3948,"href":"https:\/\/emtsam.org\/blog\/wp-json\/wp\/v2\/posts\/1489\/revisions\/3948"}],"wp:featuredmedia":[{"embeddable":true,"href":"https:\/\/emtsam.org\/blog\/wp-json\/wp\/v2\/media\/1496"}],"wp:attachment":[{"href":"https:\/\/emtsam.org\/blog\/wp-json\/wp\/v2\/media?parent=1489"}],"wp:term":[{"taxonomy":"category","embeddable":true,"href":"https:\/\/emtsam.org\/blog\/wp-json\/wp\/v2\/categories?post=1489"},{"taxonomy":"post_tag","embeddable":true,"href":"https:\/\/emtsam.org\/blog\/wp-json\/wp\/v2\/tags?post=1489"}],"curies":[{"name":"wp","href":"https:\/\/api.w.org\/{rel}","templated":true}]}}