{"id":1687,"date":"2018-06-18T08:18:54","date_gmt":"2018-06-18T06:18:54","guid":{"rendered":"http:\/\/emtsam.org\/blog\/?p=1687"},"modified":"2023-07-21T17:00:00","modified_gmt":"2023-07-21T15:00:00","slug":"linea-aeropuerto-24-horas","status":"publish","type":"post","link":"https:\/\/emtsam.org\/blog\/linea-aeropuerto-24-horas\/","title":{"rendered":"L\u00ednea Aeropuerto 24 horas"},"content":{"rendered":"<p><strong>LA EMT CONECTAR\u00c1 DURANTE LAS 24 HORAS DEL D\u00cdA EL CENTRO DE M\u00c1LAGA CON EL AEROPUERTO<\/strong><\/p>\n<p>El nuevo horario, que entr\u00f3 en funcionamiento <strong>la noche del domingo al lunes 18 de junio<\/strong>, proporcionar\u00e1 una conexi\u00f3n 24 horas con la terminal del aeropuerto.<\/p>\n<p>La L\u00ednea A, servicio Express al Aeropuerto puesto en marcha por la Empresa Malague\u00f1a de Transportes a mediados de 2010, estrenar\u00e1 servicio de 24 horas a las 0:00 horas del pr\u00f3ximo lunes. Al horario de alta frecuencia con el que cuenta esta l\u00ednea en la actualidad se unen 8 nuevas salidas, 4 en <strong>sentido Centro<\/strong>&nbsp; <strong>(00:45, 02:00, 05:05 y 06:30)<\/strong> y 4 en <strong>sentido Aeropuerto<\/strong> <strong>(00:00, 01:30, 04:25 y 05:45)<\/strong> para atender tanto a los vuelos que salen a primera hora de la ma\u00f1ana, como a los que aterrizan a altas horas de la madrugada.<!--more--><\/p>\n<p><a href=\"https:\/\/emtsam.org\/blog\/wp-content\/uploads\/2018\/06\/Aeropuerto.jpg\"><img loading=\"lazy\" decoding=\"async\" class=\"aligncenter size-large wp-image-1701\" src=\"https:\/\/emtsam.org\/blog\/wp-content\/uploads\/2018\/06\/Aeropuerto-1024x412.jpg\" alt=\"\" width=\"840\" height=\"338\" srcset=\"https:\/\/emtsam.org\/blog\/wp-content\/uploads\/2018\/06\/Aeropuerto-1024x412.jpg 1024w, https:\/\/emtsam.org\/blog\/wp-content\/uploads\/2018\/06\/Aeropuerto-300x121.jpg 300w, https:\/\/emtsam.org\/blog\/wp-content\/uploads\/2018\/06\/Aeropuerto-768x309.jpg 768w, https:\/\/emtsam.org\/blog\/wp-content\/uploads\/2018\/06\/Aeropuerto.jpg 1713w\" sizes=\"auto, (max-width: 840px) 100vw, 840px\" \/><\/a><\/p>\n<p>El crecimiento tur\u00edstico de M\u00e1laga y el aumento de viajeros del aeropuerto unido al creciente n\u00famero de vuelos lowcost que utilizan la terminal a partir de las 00:00 horas han hecho preciso disponer de m\u00e1s conexiones con la Terminal, al tiempo que se mantiene una alta frecuencia durante el resto del d\u00eda, con salidas cada 20-25 minutos en ambos sentidos y tiempos de conexi\u00f3n con el aer\u00f3dromo de 20 minutos.<\/p>\n<p>La L\u00ednea A al Aeropuerto, que actualmente cuenta con s\u00f3lo 7 paradas, presta un servicio Express todos los d\u00edas de la semana, incluidos s\u00e1bados y festivos. Los horarios de las nuevas salidas se han dise\u00f1ado en estrecha colaboraci\u00f3n con los responsables del Aeropuerto en aras de proporcionar un servicio 24 horas que se adecue a los vuelos que durante la noche se realizan.<\/p>\n<p>La opci\u00f3n del autob\u00fas como la mejor forma de acceder al centro de la ciudad por parte de los visitantes que llegan a M\u00e1laga en avi\u00f3n se ha incrementado en los \u00faltimos a\u00f1os, unido al aumento de viajeros que est\u00e1 experimentando el Aeropuerto. En los \u00faltimos 12 meses han sido m\u00e1s de 550.000 las personas que utilizaron el Autob\u00fas para acceder al avi\u00f3n, un 13% m\u00e1s que en los 12 meses anteriores.<\/p>\n<p>La web de la EMT recibe visitas que provienen de todo el mundo, para satisfacer las necesidades de los viajeros existe un acceso directo con toda la informaci\u00f3n relevante de la l\u00ednea A, con indicaci\u00f3n del horario, tiempo de espera del autob\u00fas tanto en el centro de la ciudad como en el Aeropuerto, as\u00ed como un plano descargable de la l\u00ednea.<\/p>\n<p>En la terminal, justo en SALIDAS, est\u00e1 disponible un panel digital de la EMT con indicaci\u00f3n de la ubicaci\u00f3n de la marquesina, una taquilla en la que se puede adquirir de forma anticipada tarjetas bus para acceder al autob\u00fas de forma m\u00e1s r\u00e1pida y a pocos metros se dispone de gran marquesina especialmente decorada indicando la situaci\u00f3n del autob\u00fas.<\/p>\n<p>En la actualidad y como consecuencia de la fuerte demanda de esta l\u00ednea, el servicio se presta con autobuses articulados que permiten viajar con la m\u00e1xima comodidad.<\/p>\n<p>El trazado de la l\u00ednea conecta con paradas en puntos estrat\u00e9gicos como el Parque de M\u00e1laga y Calle Larios, donde visitantes pueden acceder a toda la ciudad con las m\u00e1s de 40 l\u00edneas con las que cuentan la EMT. Por otro lado dispone de parada en la Estaci\u00f3n de Autobuses y Estaci\u00f3n de Tren ya que el aeropuerto de M\u00e1laga es muy utilizado como conexi\u00f3n para visitar otros lugares de nuestra provincia, incluso de Andaluc\u00eda.<\/p>\n<p>&nbsp;<\/p>\n","protected":false},"excerpt":{"rendered":"<p>LA EMT CONECTAR\u00c1 DURANTE LAS 24 HORAS DEL D\u00cdA EL CENTRO DE M\u00c1LAGA CON EL AEROPUERTO El nuevo horario, que&#8230;<\/p>\n","protected":false},"author":1,"featured_media":1725,"comment_status":"closed","ping_status":"closed","sticky":false,"template":"","format":"standard","meta":{"footnotes":""},"categories":[],"tags":[],"class_list":["post-1687","post","type-post","status-publish","format-standard","has-post-thumbnail","hentry"],"_links":{"self":[{"href":"https:\/\/emtsam.org\/blog\/wp-json\/wp\/v2\/posts\/1687","targetHints":{"allow":["GET"]}}],"collection":[{"href":"https:\/\/emtsam.org\/blog\/wp-json\/wp\/v2\/posts"}],"about":[{"href":"https:\/\/emtsam.org\/blog\/wp-json\/wp\/v2\/types\/post"}],"author":[{"embeddable":true,"href":"https:\/\/emtsam.org\/blog\/wp-json\/wp\/v2\/users\/1"}],"replies":[{"embeddable":true,"href":"https:\/\/emtsam.org\/blog\/wp-json\/wp\/v2\/comments?post=1687"}],"version-history":[{"count":8,"href":"https:\/\/emtsam.org\/blog\/wp-json\/wp\/v2\/posts\/1687\/revisions"}],"predecessor-version":[{"id":3953,"href":"https:\/\/emtsam.org\/blog\/wp-json\/wp\/v2\/posts\/1687\/revisions\/3953"}],"wp:featuredmedia":[{"embeddable":true,"href":"https:\/\/emtsam.org\/blog\/wp-json\/wp\/v2\/media\/1725"}],"wp:attachment":[{"href":"https:\/\/emtsam.org\/blog\/wp-json\/wp\/v2\/media?parent=1687"}],"wp:term":[{"taxonomy":"category","embeddable":true,"href":"https:\/\/emtsam.org\/blog\/wp-json\/wp\/v2\/categories?post=1687"},{"taxonomy":"post_tag","embeddable":true,"href":"https:\/\/emtsam.org\/blog\/wp-json\/wp\/v2\/tags?post=1687"}],"curies":[{"name":"wp","href":"https:\/\/api.w.org\/{rel}","templated":true}]}}