{"id":2045,"date":"2019-03-22T15:59:26","date_gmt":"2019-03-22T13:59:26","guid":{"rendered":"http:\/\/emtsam.org\/blog\/?p=2045"},"modified":"2019-03-22T15:59:26","modified_gmt":"2019-03-22T13:59:26","slug":"media-maraton-de-malaga-modificacion-de-cabeceras-de-linea","status":"publish","type":"post","link":"https:\/\/emtsam.org\/blog\/media-maraton-de-malaga-modificacion-de-cabeceras-de-linea\/","title":{"rendered":"Media Marat\u00f3n de M\u00e1laga. Modificaci\u00f3n de cabeceras de l\u00ednea"},"content":{"rendered":"<p>Con motivo de la Media Marat\u00f3n Ciudad de M\u00e1laga, desde el s\u00e1bado 23 a las 20 h. hasta el domingo 24 a las 14.30 h. aproximadamente se modifican las cabeceras de determinadas l\u00edneas, conforme a la imagen que se incluye.<\/p>\n<p><a href=\"https:\/\/emtsam.org\/blog\/wp-content\/uploads\/2019\/03\/Aviso-Media-Marat\u00f3n.jpg\"><img loading=\"lazy\" decoding=\"async\" class=\"aligncenter size-large wp-image-2046\" src=\"https:\/\/emtsam.org\/blog\/wp-content\/uploads\/2019\/03\/Aviso-Media-Marat\u00f3n-754x1024.jpg\" alt=\"\" width=\"754\" height=\"1024\" srcset=\"https:\/\/emtsam.org\/blog\/wp-content\/uploads\/2019\/03\/Aviso-Media-Marat\u00f3n-754x1024.jpg 754w, https:\/\/emtsam.org\/blog\/wp-content\/uploads\/2019\/03\/Aviso-Media-Marat\u00f3n-221x300.jpg 221w, https:\/\/emtsam.org\/blog\/wp-content\/uploads\/2019\/03\/Aviso-Media-Marat\u00f3n-768x1043.jpg 768w\" sizes=\"auto, (max-width: 754px) 100vw, 754px\" \/><\/a><\/p>\n","protected":false},"excerpt":{"rendered":"<p>Con motivo de la Media Marat\u00f3n Ciudad de M\u00e1laga, desde el s\u00e1bado 23 a las 20 h. hasta el domingo&#8230;<\/p>\n","protected":false},"author":1,"featured_media":0,"comment_status":"closed","ping_status":"closed","sticky":false,"template":"","format":"standard","meta":{"footnotes":""},"categories":[9],"tags":[],"class_list":["post-2045","post","type-post","status-publish","format-standard","hentry","category-eventos-deportivos"],"_links":{"self":[{"href":"https:\/\/emtsam.org\/blog\/wp-json\/wp\/v2\/posts\/2045","targetHints":{"allow":["GET"]}}],"collection":[{"href":"https:\/\/emtsam.org\/blog\/wp-json\/wp\/v2\/posts"}],"about":[{"href":"https:\/\/emtsam.org\/blog\/wp-json\/wp\/v2\/types\/post"}],"author":[{"embeddable":true,"href":"https:\/\/emtsam.org\/blog\/wp-json\/wp\/v2\/users\/1"}],"replies":[{"embeddable":true,"href":"https:\/\/emtsam.org\/blog\/wp-json\/wp\/v2\/comments?post=2045"}],"version-history":[{"count":2,"href":"https:\/\/emtsam.org\/blog\/wp-json\/wp\/v2\/posts\/2045\/revisions"}],"predecessor-version":[{"id":3366,"href":"https:\/\/emtsam.org\/blog\/wp-json\/wp\/v2\/posts\/2045\/revisions\/3366"}],"wp:attachment":[{"href":"https:\/\/emtsam.org\/blog\/wp-json\/wp\/v2\/media?parent=2045"}],"wp:term":[{"taxonomy":"category","embeddable":true,"href":"https:\/\/emtsam.org\/blog\/wp-json\/wp\/v2\/categories?post=2045"},{"taxonomy":"post_tag","embeddable":true,"href":"https:\/\/emtsam.org\/blog\/wp-json\/wp\/v2\/tags?post=2045"}],"curies":[{"name":"wp","href":"https:\/\/api.w.org\/{rel}","templated":true}]}}