{"id":2374,"date":"2019-08-15T11:17:54","date_gmt":"2019-08-15T09:17:54","guid":{"rendered":"http:\/\/emtsam.org\/blog\/?p=2374"},"modified":"2023-07-21T17:01:50","modified_gmt":"2023-07-21T15:01:50","slug":"la-emt-regresa-a-la-alameda","status":"publish","type":"post","link":"https:\/\/emtsam.org\/blog\/la-emt-regresa-a-la-alameda\/","title":{"rendered":"La EMT regresa a la Alameda"},"content":{"rendered":"<p>En el lateral Sur de la Alameda recuperan parada las l\u00edneas <strong>1, 3, 4, 7, 11, 14, 19, 25, E, 32, 33, 34, 35, 37, A, C2, N1, N2, N3 y N4<\/strong><\/p>\n<p>Las l\u00edneas 4, 14, 19, 25, E, N3, 11, 7, 20, N4, 32, 33, 34, 35 y 36 contar\u00e1n con una nueva parada en el lateral Norte.<\/p>\n<p>Con motivo de la finalizaci\u00f3n de las obras de renovaci\u00f3n urbana de la Alameda Principal, el Ayuntamiento de M\u00e1laga pone en marcha la primera fase de recuperaci\u00f3n de paradas de la EMT en el entorno de la nueva Alameda.<\/p>\n<p>Desde hoy jueves 15 de agosto se ponen en funcionamiento 6 nuevas paradas en el lateral Sur de la Alameda y 5 nuevas paradas en el lateral Norte. Estas nuevas paradas se a\u00f1aden a las paradas existentes con las que cuentan las l\u00edneas en la actualidad. Por tanto, <strong>todas las l\u00edneas mantienen las paradas actuales y se a\u00f1aden las paradas de la Alameda.<\/strong><\/p>\n<p>LATERAL SUR<\/p>\n<p><strong>Entre Calle C\u00f3rdoba y Plaza de la Marina<\/strong> se establecen las siguientes nuevas paradas:<\/p>\n<ul>\n<li>l\u00edneas 32, 33, 34, 35 y 14<\/li>\n<li>l\u00edneas 3, 11 y N1<\/li>\n<li>l\u00edneas 1, 37, A, C2 y N2.<\/li>\n<\/ul>\n<p><strong>Entre Calle C\u00f3rdoba y Alameda de Col\u00f3n<\/strong> se establecen las nuevas paradas de:<\/p>\n<ul>\n<li>L\u00edneas 4, 19, 25, E y N3<\/li>\n<li>L\u00ednea 7<\/li>\n<li>L\u00ednea N4<\/li>\n<\/ul>\n<p>LATERAL NORTE<\/p>\n<p>Se establecen 5 nuevas paradas, todas ellas situadas <strong>entre el r\u00edo Guadalmedina y calle Puerta del Mar<\/strong>:<\/p>\n<ul>\n<li>L\u00edneas 32, 33, 34, 35 y 36<\/li>\n<li>L\u00ednea N4<\/li>\n<li>L\u00edneas 7 y 20<\/li>\n<li>L\u00edneas 4, 14, 19, 25, E y N3<\/li>\n<li>L\u00ednea 11<\/li>\n<\/ul>\n<p>&nbsp;<\/p>\n<figure id=\"attachment_2376\" aria-describedby=\"caption-attachment-2376\" style=\"width: 1169px\" class=\"wp-caption aligncenter\"><a href=\"https:\/\/emtsam.org\/blog\/wp-content\/uploads\/2019\/08\/Sin-t\u00edtulo-1.jpg\"><img loading=\"lazy\" decoding=\"async\" class=\"wp-image-2376 size-full\" src=\"https:\/\/emtsam.org\/blog\/wp-content\/uploads\/2019\/08\/Sin-t\u00edtulo-1.jpg\" alt=\"\" width=\"1169\" height=\"775\" srcset=\"https:\/\/emtsam.org\/blog\/wp-content\/uploads\/2019\/08\/Sin-t\u00edtulo-1.jpg 1169w, https:\/\/emtsam.org\/blog\/wp-content\/uploads\/2019\/08\/Sin-t\u00edtulo-1-300x199.jpg 300w, https:\/\/emtsam.org\/blog\/wp-content\/uploads\/2019\/08\/Sin-t\u00edtulo-1-768x509.jpg 768w, https:\/\/emtsam.org\/blog\/wp-content\/uploads\/2019\/08\/Sin-t\u00edtulo-1-1024x679.jpg 1024w, https:\/\/emtsam.org\/blog\/wp-content\/uploads\/2019\/08\/Sin-t\u00edtulo-1-120x80.jpg 120w, https:\/\/emtsam.org\/blog\/wp-content\/uploads\/2019\/08\/Sin-t\u00edtulo-1-360x240.jpg 360w\" sizes=\"auto, (max-width: 1169px) 100vw, 1169px\" \/><\/a><figcaption id=\"caption-attachment-2376\" class=\"wp-caption-text\">Plano de paradas desde el 15 de agosto<\/figcaption><\/figure>\n<p>Estas nuevas paradas completan la primera fase. Cuando finalicen las obras pendientes se establecer\u00e1n nuevas paradas de la EMT en la Alameda.<\/p>\n<p><strong>Importancia de las paradas en la Alameda<\/strong><\/p>\n<p>La renovaci\u00f3n que ha supuesto la obra en la recuperaci\u00f3n del entorno de la Alameda y su f\u00e1cil acceso gracias al autob\u00fas, permite tanto a malague\u00f1os como a visitantes de la ciudad disfrutar del centro de la ciudad.<\/p>\n<p>Para dar una idea de la importancia de las nuevas paradas, hay que considerar que m\u00e1s del 60% de las personas que van al centro de M\u00e1laga utilizan el autob\u00fas, por lo que la recuperaci\u00f3n de las paradas en&nbsp;la Alameda permitir\u00e1 llevar a los usuarios al directamente a su destino final.<\/p>\n","protected":false},"excerpt":{"rendered":"<p>En el lateral Sur de la Alameda recuperan parada las l\u00edneas 1, 3, 4, 7, 11, 14, 19, 25, E,&#8230;<\/p>\n","protected":false},"author":1,"featured_media":0,"comment_status":"closed","ping_status":"closed","sticky":false,"template":"","format":"standard","meta":{"footnotes":""},"categories":[],"tags":[],"class_list":["post-2374","post","type-post","status-publish","format-standard","hentry"],"_links":{"self":[{"href":"https:\/\/emtsam.org\/blog\/wp-json\/wp\/v2\/posts\/2374","targetHints":{"allow":["GET"]}}],"collection":[{"href":"https:\/\/emtsam.org\/blog\/wp-json\/wp\/v2\/posts"}],"about":[{"href":"https:\/\/emtsam.org\/blog\/wp-json\/wp\/v2\/types\/post"}],"author":[{"embeddable":true,"href":"https:\/\/emtsam.org\/blog\/wp-json\/wp\/v2\/users\/1"}],"replies":[{"embeddable":true,"href":"https:\/\/emtsam.org\/blog\/wp-json\/wp\/v2\/comments?post=2374"}],"version-history":[{"count":5,"href":"https:\/\/emtsam.org\/blog\/wp-json\/wp\/v2\/posts\/2374\/revisions"}],"predecessor-version":[{"id":3966,"href":"https:\/\/emtsam.org\/blog\/wp-json\/wp\/v2\/posts\/2374\/revisions\/3966"}],"wp:attachment":[{"href":"https:\/\/emtsam.org\/blog\/wp-json\/wp\/v2\/media?parent=2374"}],"wp:term":[{"taxonomy":"category","embeddable":true,"href":"https:\/\/emtsam.org\/blog\/wp-json\/wp\/v2\/categories?post=2374"},{"taxonomy":"post_tag","embeddable":true,"href":"https:\/\/emtsam.org\/blog\/wp-json\/wp\/v2\/tags?post=2374"}],"curies":[{"name":"wp","href":"https:\/\/api.w.org\/{rel}","templated":true}]}}