{"id":2446,"date":"2019-12-11T19:38:37","date_gmt":"2019-12-11T17:38:37","guid":{"rendered":"http:\/\/emtsam.org\/blog\/?p=2446"},"modified":"2023-07-21T17:02:13","modified_gmt":"2023-07-21T15:02:13","slug":"el-ayuntamiento-inicia-su-campana-de-movilidad-sostenible-en-navidad","status":"publish","type":"post","link":"https:\/\/emtsam.org\/blog\/el-ayuntamiento-inicia-su-campana-de-movilidad-sostenible-en-navidad\/","title":{"rendered":"El Ayuntamiento inicia su campa\u00f1a de Movilidad Sostenible en Navidad"},"content":{"rendered":"<p>El Ayuntamiento de M\u00e1laga, a trav\u00e9s del \u00c1rea de Movilidad, promover\u00e1 esta Navidad una campa\u00f1a global de movilidad con el objetivo de incentivar el uso del transporte p\u00fablico como la opci\u00f3n m\u00e1s sostenible y sencilla para acceder a la Alameda durante el periodo navide\u00f1o.<\/p>\n<p>As\u00ed, la campa\u00f1a \u2018Nadie te lleva mejor a la Alameda, por una Navidad sostenible\u2019 muestra la importancia que para la EMT tiene cada uno de los usuarios del autob\u00fas que diariamente eligen el transporte p\u00fablico como el medio m\u00e1s apropiado y sostenible para llegar hasta el centro de la ciudad durante el periodo navide\u00f1o.<\/p>\n<p>De hecho, el aumento de zonas exclusivas para el transporte p\u00fablico, as\u00ed como el acceso directo al centro de la ciudad, donde se priorizar\u00e1 el transporte p\u00fablico en el eje Parque-Alameda en los momentos de m\u00e1xima afluencia, convierten a la EMT en la opci\u00f3n m\u00e1s r\u00e1pida y c\u00f3moda para acceder al mismo centro, donde la mayor\u00eda de las l\u00edneas de la EMT cuentan con paradas.<\/p>\n<p>Durante las fiestas navide\u00f1as, la EMT ha programado un aumento de servicios, con m\u00e1s de 25.000 plazas adicionales los s\u00e1bados y hasta 50.000 plazas m\u00e1s los domingos. Esta medida se repite un a\u00f1o m\u00e1s, haberse identificado un aumento de la demanda durante los fines de semana de apertura de comercios en el an\u00e1lisis del n\u00famero de viajeros de los \u00faltimos a\u00f1os.<\/p>\n<p>En total se realizar\u00e1n m\u00e1s de 100 refuerzos adicionales, que se sumar\u00e1n a los servicios ordinarios, concentrando la oferta de plazas en los s\u00e1bados y domingo de apertura comercial.<\/p>\n<p>La lucha contra el cambio clim\u00e1tico pasa por el uso eficiente de los recursos, por ello, el transporte en autob\u00fas se muestra como la herramienta m\u00e1s eficaz para disminuir el nivel de emisiones contaminantes en las ciudades. Cada autob\u00fas es capaz de quitar de las calles hasta 80 coches en cada una de sus salidas. A ello le podemos a\u00f1adir la optimizaci\u00f3n del espacio p\u00fablico debido a la cantidad de superficie que necesitan los coches para circular (en contraposici\u00f3n con el espacio ocupado por un autob\u00fas).<\/p>\n<p>Con esta campa\u00f1a de promoci\u00f3n del uso del transporte p\u00fablico, el Ayuntamiento espera superar los cinco millones de viajeros durante el periodo navide\u00f1o que culminar\u00e1 en la noche del pr\u00f3ximo 5 de enero, con motivo de la tradicional Cabalgata de los Reyes Magos.<\/p>\n<p><strong>PROMOCI\u00d3N COMERCIAL<\/strong><\/p>\n<p>A lo largo de esta semana, la EMT pondr\u00e1 a la venta 10.000 tarjetas especiales de Navidad con 10 + 5 viajes al precio de 9,95 euros. Esta tarjeta se podr\u00e1 adquirir en los distintos puntos de venta que hay repartidos por toda la ciudad, tanto estancos como kioscos.<\/p>\n<p>Como novedad, gracias a la funcionalidad de recarga NFC con la que cuenta la App de la EMT, ser\u00e1 posible beneficiarse de la promoci\u00f3n de 10 + 5 viajes al precio de 9,95 euros tambi\u00e9n desde la App (solo tel\u00e9fonos Android compatibles). Los d\u00edas en los que se activar\u00e1 la promoci\u00f3n se comunicar\u00e1n a trav\u00e9s de la App de la EMT y las redes sociales. Promoci\u00f3n v\u00e1lida para las primeras 5.000 recargas.<\/p>\n<p>La campa\u00f1a \u2018Nadie te lleva mejor a la Alameda, por una Navidad sostenible\u2019, que comienza a lo largo de esta semana y terminar\u00e1 el 31 de diciembre, ser\u00e1 difundida a trav\u00e9s de distintos soportes y canales: autobuses, marquesinas, marquesinas digitales, paneles interiores de los autobuses, pantallas interiores, medios de comunicaci\u00f3n, en la web de la EMT <a href=\"http:\/\/www.emtmalaga.es\">www.emtmalaga.es<\/a> y sus perfiles sociales de Instagram, Facebook y Twitter.<\/p>\n","protected":false},"excerpt":{"rendered":"<p>El Ayuntamiento de M\u00e1laga, a trav\u00e9s del \u00c1rea de Movilidad, promover\u00e1 esta Navidad una campa\u00f1a global de movilidad con el&#8230;<\/p>\n","protected":false},"author":1,"featured_media":2443,"comment_status":"closed","ping_status":"closed","sticky":false,"template":"","format":"standard","meta":{"footnotes":""},"categories":[8],"tags":[],"class_list":["post-2446","post","type-post","status-publish","format-standard","has-post-thumbnail","hentry","category-navidad"],"_links":{"self":[{"href":"https:\/\/emtsam.org\/blog\/wp-json\/wp\/v2\/posts\/2446","targetHints":{"allow":["GET"]}}],"collection":[{"href":"https:\/\/emtsam.org\/blog\/wp-json\/wp\/v2\/posts"}],"about":[{"href":"https:\/\/emtsam.org\/blog\/wp-json\/wp\/v2\/types\/post"}],"author":[{"embeddable":true,"href":"https:\/\/emtsam.org\/blog\/wp-json\/wp\/v2\/users\/1"}],"replies":[{"embeddable":true,"href":"https:\/\/emtsam.org\/blog\/wp-json\/wp\/v2\/comments?post=2446"}],"version-history":[{"count":1,"href":"https:\/\/emtsam.org\/blog\/wp-json\/wp\/v2\/posts\/2446\/revisions"}],"predecessor-version":[{"id":2447,"href":"https:\/\/emtsam.org\/blog\/wp-json\/wp\/v2\/posts\/2446\/revisions\/2447"}],"wp:featuredmedia":[{"embeddable":true,"href":"https:\/\/emtsam.org\/blog\/wp-json\/wp\/v2\/media\/2443"}],"wp:attachment":[{"href":"https:\/\/emtsam.org\/blog\/wp-json\/wp\/v2\/media?parent=2446"}],"wp:term":[{"taxonomy":"category","embeddable":true,"href":"https:\/\/emtsam.org\/blog\/wp-json\/wp\/v2\/categories?post=2446"},{"taxonomy":"post_tag","embeddable":true,"href":"https:\/\/emtsam.org\/blog\/wp-json\/wp\/v2\/tags?post=2446"}],"curies":[{"name":"wp","href":"https:\/\/api.w.org\/{rel}","templated":true}]}}