{"id":2919,"date":"2020-08-11T12:40:29","date_gmt":"2020-08-11T10:40:29","guid":{"rendered":"http:\/\/emtsam.org\/blog\/?p=2919"},"modified":"2020-08-11T12:40:29","modified_gmt":"2020-08-11T10:40:29","slug":"refuerzo-de-la-linea-35-del-17-al-19-de-agosto","status":"publish","type":"post","link":"https:\/\/emtsam.org\/blog\/refuerzo-de-la-linea-35-del-17-al-19-de-agosto\/","title":{"rendered":"Refuerzo de la l\u00ednea 35 del 17 al 19 de agosto"},"content":{"rendered":"<p>Con motivo de la celebraci\u00f3n de la VII Edici\u00f3n de\u00a0<i>Los Cl\u00e1sicos Solidarios en el Castillo, <\/i>los pr\u00f3ximos<strong> 17, 18 y 19 de\u00a0gasto<\/strong> se amplia el servicio de la l\u00ednea 35 con las siguientes salidas:<\/p>\n<table style=\"font-size: 1.0625rem; height: 223px;\" width=\"597\">\n<tbody>\n<tr>\n<td width=\"283\">\n<p style=\"text-align: center;\"><strong>Salidas desde Av. Andaluc\u00eda<\/strong><\/p>\n<\/td>\n<td style=\"text-align: center;\" width=\"283\"><strong>Salidas desde Gibralfaro<\/strong><\/td>\n<\/tr>\n<tr>\n<td width=\"283\">21:30<\/td>\n<td width=\"283\">22:00<\/td>\n<\/tr>\n<tr>\n<td width=\"283\">22:30<\/td>\n<td width=\"283\">23:00<\/td>\n<\/tr>\n<tr>\n<td width=\"283\">23:30<\/td>\n<td width=\"283\">00:00<\/td>\n<\/tr>\n<\/tbody>\n<\/table>\n<p><a href=\"https:\/\/emtsam.org\/blog\/wp-content\/uploads\/2020\/08\/Aviso-L35-17-08-19-scaled.jpg\"><img loading=\"lazy\" decoding=\"async\" class=\"aligncenter size-full wp-image-2920\" src=\"https:\/\/emtsam.org\/blog\/wp-content\/uploads\/2020\/08\/Aviso-L35-17-08-19-scaled.jpg\" alt=\"\" width=\"1902\" height=\"2560\" srcset=\"https:\/\/emtsam.org\/blog\/wp-content\/uploads\/2020\/08\/Aviso-L35-17-08-19-scaled.jpg 1902w, https:\/\/emtsam.org\/blog\/wp-content\/uploads\/2020\/08\/Aviso-L35-17-08-19-223x300.jpg 223w, https:\/\/emtsam.org\/blog\/wp-content\/uploads\/2020\/08\/Aviso-L35-17-08-19-761x1024.jpg 761w, https:\/\/emtsam.org\/blog\/wp-content\/uploads\/2020\/08\/Aviso-L35-17-08-19-768x1034.jpg 768w, https:\/\/emtsam.org\/blog\/wp-content\/uploads\/2020\/08\/Aviso-L35-17-08-19-1141x1536.jpg 1141w, https:\/\/emtsam.org\/blog\/wp-content\/uploads\/2020\/08\/Aviso-L35-17-08-19-1521x2048.jpg 1521w\" sizes=\"auto, (max-width: 1902px) 100vw, 1902px\" \/><\/a><\/p>\n","protected":false},"excerpt":{"rendered":"<p>Con motivo de la celebraci\u00f3n de la VII Edici\u00f3n de\u00a0Los Cl\u00e1sicos Solidarios en el Castillo, los pr\u00f3ximos 17, 18 y&#8230;<\/p>\n","protected":false},"author":1,"featured_media":0,"comment_status":"closed","ping_status":"closed","sticky":false,"template":"","format":"standard","meta":{"footnotes":""},"categories":[43,169],"tags":[],"class_list":["post-2919","post","type-post","status-publish","format-standard","hentry","category-eventos","category-servicio-especial"],"_links":{"self":[{"href":"https:\/\/emtsam.org\/blog\/wp-json\/wp\/v2\/posts\/2919","targetHints":{"allow":["GET"]}}],"collection":[{"href":"https:\/\/emtsam.org\/blog\/wp-json\/wp\/v2\/posts"}],"about":[{"href":"https:\/\/emtsam.org\/blog\/wp-json\/wp\/v2\/types\/post"}],"author":[{"embeddable":true,"href":"https:\/\/emtsam.org\/blog\/wp-json\/wp\/v2\/users\/1"}],"replies":[{"embeddable":true,"href":"https:\/\/emtsam.org\/blog\/wp-json\/wp\/v2\/comments?post=2919"}],"version-history":[{"count":1,"href":"https:\/\/emtsam.org\/blog\/wp-json\/wp\/v2\/posts\/2919\/revisions"}],"predecessor-version":[{"id":2921,"href":"https:\/\/emtsam.org\/blog\/wp-json\/wp\/v2\/posts\/2919\/revisions\/2921"}],"wp:attachment":[{"href":"https:\/\/emtsam.org\/blog\/wp-json\/wp\/v2\/media?parent=2919"}],"wp:term":[{"taxonomy":"category","embeddable":true,"href":"https:\/\/emtsam.org\/blog\/wp-json\/wp\/v2\/categories?post=2919"},{"taxonomy":"post_tag","embeddable":true,"href":"https:\/\/emtsam.org\/blog\/wp-json\/wp\/v2\/tags?post=2919"}],"curies":[{"name":"wp","href":"https:\/\/api.w.org\/{rel}","templated":true}]}}