{"id":2966,"date":"2020-10-23T13:44:41","date_gmt":"2020-10-23T11:44:41","guid":{"rendered":"http:\/\/emtsam.org\/blog\/?p=2966"},"modified":"2020-11-13T12:00:20","modified_gmt":"2020-11-13T10:00:20","slug":"cambio-de-hora-en-madrugada-del-domingo-lineas-nocturnas-2","status":"publish","type":"post","link":"https:\/\/emtsam.org\/blog\/cambio-de-hora-en-madrugada-del-domingo-lineas-nocturnas-2\/","title":{"rendered":"Cambio de hora en madrugada del domingo. L\u00edneas nocturnas"},"content":{"rendered":"<p>A continuaci\u00f3n, les informamos de los horarios de salida de las l\u00edneas nocturnas en la madrugada del s\u00e1bado 24 al domingo 25 de octubre, dado que se modifica el horario oficial, pasando desde las 03.00 a 02.00 horas en ese momento.<\/p>\n<p><\/p>\n\n\n<figure class=\"wp-block-image size-large\"><img loading=\"lazy\" decoding=\"async\" width=\"724\" height=\"1024\" src=\"https:\/\/emtsam.org\/blog\/wp-content\/uploads\/2020\/10\/Copia-de-Cuadro-nuevos-horarios-invierno-724x1024.jpg\" alt=\"\" class=\"wp-image-2972\" srcset=\"https:\/\/emtsam.org\/blog\/wp-content\/uploads\/2020\/10\/Copia-de-Cuadro-nuevos-horarios-invierno-724x1024.jpg 724w, https:\/\/emtsam.org\/blog\/wp-content\/uploads\/2020\/10\/Copia-de-Cuadro-nuevos-horarios-invierno-212x300.jpg 212w, https:\/\/emtsam.org\/blog\/wp-content\/uploads\/2020\/10\/Copia-de-Cuadro-nuevos-horarios-invierno-768x1086.jpg 768w, https:\/\/emtsam.org\/blog\/wp-content\/uploads\/2020\/10\/Copia-de-Cuadro-nuevos-horarios-invierno-1086x1536.jpg 1086w, https:\/\/emtsam.org\/blog\/wp-content\/uploads\/2020\/10\/Copia-de-Cuadro-nuevos-horarios-invierno.jpg 1414w\" sizes=\"auto, (max-width: 724px) 100vw, 724px\" \/><\/figure>\n","protected":false},"excerpt":{"rendered":"<p>A continuaci\u00f3n, les informamos de los horarios de salida de las l\u00edneas nocturnas en la madrugada del s\u00e1bado 24 al&#8230;<\/p>\n","protected":false},"author":1,"featured_media":0,"comment_status":"closed","ping_status":"closed","sticky":false,"template":"","format":"standard","meta":{"footnotes":""},"categories":[202],"tags":[],"class_list":["post-2966","post","type-post","status-publish","format-standard","hentry","category-nuevos-horarios"],"_links":{"self":[{"href":"https:\/\/emtsam.org\/blog\/wp-json\/wp\/v2\/posts\/2966","targetHints":{"allow":["GET"]}}],"collection":[{"href":"https:\/\/emtsam.org\/blog\/wp-json\/wp\/v2\/posts"}],"about":[{"href":"https:\/\/emtsam.org\/blog\/wp-json\/wp\/v2\/types\/post"}],"author":[{"embeddable":true,"href":"https:\/\/emtsam.org\/blog\/wp-json\/wp\/v2\/users\/1"}],"replies":[{"embeddable":true,"href":"https:\/\/emtsam.org\/blog\/wp-json\/wp\/v2\/comments?post=2966"}],"version-history":[{"count":4,"href":"https:\/\/emtsam.org\/blog\/wp-json\/wp\/v2\/posts\/2966\/revisions"}],"predecessor-version":[{"id":2974,"href":"https:\/\/emtsam.org\/blog\/wp-json\/wp\/v2\/posts\/2966\/revisions\/2974"}],"wp:attachment":[{"href":"https:\/\/emtsam.org\/blog\/wp-json\/wp\/v2\/media?parent=2966"}],"wp:term":[{"taxonomy":"category","embeddable":true,"href":"https:\/\/emtsam.org\/blog\/wp-json\/wp\/v2\/categories?post=2966"},{"taxonomy":"post_tag","embeddable":true,"href":"https:\/\/emtsam.org\/blog\/wp-json\/wp\/v2\/tags?post=2966"}],"curies":[{"name":"wp","href":"https:\/\/api.w.org\/{rel}","templated":true}]}}