{"id":2984,"date":"2020-11-13T11:35:24","date_gmt":"2020-11-13T09:35:24","guid":{"rendered":"http:\/\/emtsam.org\/blog\/?p=2984"},"modified":"2023-07-21T16:44:03","modified_gmt":"2023-07-21T14:44:03","slug":"la-emt-adapta-desde-el-proximo-lunes-16-las-frecuencias-de-los-servicios-de-tarde-noche-a-las-nuevas-limitaciones-horarias","status":"publish","type":"post","link":"https:\/\/emtsam.org\/blog\/la-emt-adapta-desde-el-proximo-lunes-16-las-frecuencias-de-los-servicios-de-tarde-noche-a-las-nuevas-limitaciones-horarias\/","title":{"rendered":"La EMT adapta desde el pr\u00f3ximo lunes 16 las frecuencias de los servicios de tarde noche a las nuevas limitaciones horarias"},"content":{"rendered":"\n<p>Ya se encuentran actualizados en la App los horarios a partir del pr\u00f3ximo lunes 16 de noviembre.<\/p>\n\n\n\n<p>A partir de las 18:00 horas, se modifican las frecuencias de los servicios en horario de tarde-noche.<\/p>\n\n\n\n<p>Las l\u00edneas se refuerzan en horario de ma\u00f1ana, para incrementar el n\u00famero de plazas disponibles y aumentar la frecuencia de paso.<\/p>\n\n\n\n<p>Con respecto a las \u00faltimas salidas, en torno a las 23:00 horas, se mantienen en las macrol\u00edneas, que utilizan m\u00e1s del 60% de los viajeros de la EMT, para garantizar el desplazamiento de los servicios considerados como esenciales.<\/p>\n\n\n\n<p>La EMT ha prestado servicio ininterrumpidamente desde el inicio de la crisis de la Covid-19, garantizando en todo momento la movilidad de los colectivos que han necesitado desplazarse, incluso en los momentos m\u00e1s restrictivos de esta pandemia.<\/p>\n\n\n\n<p>Las l\u00edneas nocturnas siguen operativas con una adaptaci\u00f3n de servicios a la limitaci\u00f3n de la circulaci\u00f3n de personas desde las 22:00 a las 7:00.<\/p>\n","protected":false},"excerpt":{"rendered":"<p>Ya se encuentran actualizados en la App los horarios a partir del pr\u00f3ximo lunes 16 de noviembre. A partir de&#8230;<\/p>\n","protected":false},"author":1,"featured_media":2986,"comment_status":"closed","ping_status":"closed","sticky":false,"template":"","format":"standard","meta":{"footnotes":""},"categories":[202],"tags":[],"class_list":["post-2984","post","type-post","status-publish","format-standard","has-post-thumbnail","hentry","category-nuevos-horarios"],"_links":{"self":[{"href":"https:\/\/emtsam.org\/blog\/wp-json\/wp\/v2\/posts\/2984","targetHints":{"allow":["GET"]}}],"collection":[{"href":"https:\/\/emtsam.org\/blog\/wp-json\/wp\/v2\/posts"}],"about":[{"href":"https:\/\/emtsam.org\/blog\/wp-json\/wp\/v2\/types\/post"}],"author":[{"embeddable":true,"href":"https:\/\/emtsam.org\/blog\/wp-json\/wp\/v2\/users\/1"}],"replies":[{"embeddable":true,"href":"https:\/\/emtsam.org\/blog\/wp-json\/wp\/v2\/comments?post=2984"}],"version-history":[{"count":1,"href":"https:\/\/emtsam.org\/blog\/wp-json\/wp\/v2\/posts\/2984\/revisions"}],"predecessor-version":[{"id":2985,"href":"https:\/\/emtsam.org\/blog\/wp-json\/wp\/v2\/posts\/2984\/revisions\/2985"}],"wp:featuredmedia":[{"embeddable":true,"href":"https:\/\/emtsam.org\/blog\/wp-json\/wp\/v2\/media\/2986"}],"wp:attachment":[{"href":"https:\/\/emtsam.org\/blog\/wp-json\/wp\/v2\/media?parent=2984"}],"wp:term":[{"taxonomy":"category","embeddable":true,"href":"https:\/\/emtsam.org\/blog\/wp-json\/wp\/v2\/categories?post=2984"},{"taxonomy":"post_tag","embeddable":true,"href":"https:\/\/emtsam.org\/blog\/wp-json\/wp\/v2\/tags?post=2984"}],"curies":[{"name":"wp","href":"https:\/\/api.w.org\/{rel}","templated":true}]}}