{"id":2991,"date":"2020-12-02T10:19:07","date_gmt":"2020-12-02T08:19:07","guid":{"rendered":"http:\/\/emtsam.org\/blog\/?p=2991"},"modified":"2020-12-12T14:29:56","modified_gmt":"2020-12-12T12:29:56","slug":"alteraciones-de-trafico-por-manifestacion-de-hosteleros","status":"publish","type":"post","link":"https:\/\/emtsam.org\/blog\/alteraciones-de-trafico-por-manifestacion-de-hosteleros\/","title":{"rendered":"Alteraciones de tr\u00e1fico por manifestaci\u00f3n"},"content":{"rendered":"\n<p>Con motivo de la manifestaci\u00f3n del gremio de hosteler\u00eda que tiene lugar hoy d\u00eda 2 de diciembre de 10 a 14 hr. muchas de nuestras l\u00edneas ver\u00e1n afectado su horario y recorrido, que estar\u00e1 sujeto a las indicaciones de la Polic\u00eda Local.<\/p>\n\n\n\n<p><\/p>\n\n\n\n<p>El recorrido previsto de la manifestaci\u00f3n es Paseo de la Farola \u2013 Ciudad de Melilla \u2013 Paseo mar\u00edtimo \u2013 Calle Idris \u2013 Paseo de Sancha \u2013 Paseo de Reding \u2013 Plaza de Torrijos \u2013 Paseo del Parque \u2013 Alameda Principal \u2013 Puente de Tetu\u00e1n<\/p>\n","protected":false},"excerpt":{"rendered":"<p>Con motivo de la manifestaci\u00f3n del gremio de hosteler\u00eda que tiene lugar hoy d\u00eda 2 de diciembre de 10 a&#8230;<\/p>\n","protected":false},"author":1,"featured_media":0,"comment_status":"closed","ping_status":"closed","sticky":false,"template":"","format":"standard","meta":{"footnotes":""},"categories":[203],"tags":[],"class_list":["post-2991","post","type-post","status-publish","format-standard","hentry","category-alteraciones"],"_links":{"self":[{"href":"https:\/\/emtsam.org\/blog\/wp-json\/wp\/v2\/posts\/2991","targetHints":{"allow":["GET"]}}],"collection":[{"href":"https:\/\/emtsam.org\/blog\/wp-json\/wp\/v2\/posts"}],"about":[{"href":"https:\/\/emtsam.org\/blog\/wp-json\/wp\/v2\/types\/post"}],"author":[{"embeddable":true,"href":"https:\/\/emtsam.org\/blog\/wp-json\/wp\/v2\/users\/1"}],"replies":[{"embeddable":true,"href":"https:\/\/emtsam.org\/blog\/wp-json\/wp\/v2\/comments?post=2991"}],"version-history":[{"count":3,"href":"https:\/\/emtsam.org\/blog\/wp-json\/wp\/v2\/posts\/2991\/revisions"}],"predecessor-version":[{"id":2997,"href":"https:\/\/emtsam.org\/blog\/wp-json\/wp\/v2\/posts\/2991\/revisions\/2997"}],"wp:attachment":[{"href":"https:\/\/emtsam.org\/blog\/wp-json\/wp\/v2\/media?parent=2991"}],"wp:term":[{"taxonomy":"category","embeddable":true,"href":"https:\/\/emtsam.org\/blog\/wp-json\/wp\/v2\/categories?post=2991"},{"taxonomy":"post_tag","embeddable":true,"href":"https:\/\/emtsam.org\/blog\/wp-json\/wp\/v2\/tags?post=2991"}],"curies":[{"name":"wp","href":"https:\/\/api.w.org\/{rel}","templated":true}]}}