{"id":2994,"date":"2020-12-12T13:55:15","date_gmt":"2020-12-12T11:55:15","guid":{"rendered":"http:\/\/emtsam.org\/blog\/?p=2994"},"modified":"2023-07-21T16:43:51","modified_gmt":"2023-07-21T14:43:51","slug":"la-emt-aumenta-la-frecuencia-de-los-autobuses-en-horario-de-tarde-desde-el-proximo-lunes","status":"publish","type":"post","link":"https:\/\/emtsam.org\/blog\/la-emt-aumenta-la-frecuencia-de-los-autobuses-en-horario-de-tarde-desde-el-proximo-lunes\/","title":{"rendered":"La EMT aumenta la frecuencia de los autobuses en horario de tarde desde el pr\u00f3ximo lunes"},"content":{"rendered":"\n<p>A partir de las 18.00 horas los horarios y frecuencias se ajustan a la modificaci\u00f3n de horarios establecidos por la Junta de Andaluc\u00eda<\/p>\n\n\n\n<p>La mayor\u00eda de las l\u00edneas recuperan los horarios de sus \u00faltimas salidas<\/p>\n\n\n\n<p>El pr\u00f3ximo lunes 14 de diciembre los horarios de la mayor\u00eda de las l\u00edneas de la EMT aumentar\u00e1n su frecuencia a partir de las 18.00 horas para adaptarse a la ampliaci\u00f3n del horario de apertura de los comercios establecidos por la Junta de Andaluc\u00eda y en vigor desde las 00.00 horas de hoy s\u00e1bado.<\/p>\n\n\n\n<p>Con esta modificaci\u00f3n la mayor parte de las l\u00edneas recupera el horario previo a las \u00faltimas medidas de limitaci\u00f3n horaria que entraron en vigor el pasado 8 de noviembre recuperando as\u00ed los horarios de las \u00faltimas salidas del d\u00eda.<\/p>\n\n\n\n<p>Las l\u00edneas nocturnas no modificar\u00e1n sus horarios debido a que continua vigente la limitaci\u00f3n de la movilidad nocturna.<\/p>\n\n\n\n<p>Todos los horarios se podr\u00e1n consultar a partir del pr\u00f3ximo domingo 13 de diciembre en la web de la EMT, as\u00ed como en su App.<\/p>\n\n\n\n<p>La EMT ha prestado servicio ininterrumpidamente desde el inicio de la crisis de la Covid-19 garantizando en todo momento la movilidad de los colectivos que han necesitado desplazarse, incluso en los momentos m\u00e1s restrictivos de esta pandemia.<\/p>\n\n\n\n<p>Asimismo, recuerda la EMT que el transporte p\u00fablico es seguro. Todos los estudios cient\u00edficos realizados a escala mundial muestran que no se producen brotes ni contagios en el interior de los autobuses, lo que es ratificado por las estad\u00edsticas publicadas por el Ministerio de Sanidad. De igual manera, la incidencia de la enfermedad en los conductores es pr\u00e1cticamente nula a escala nacional, cuando es un colectivo de profesionales que pasa un gran n\u00famero de horas dentro de los elementos de transporte, y no est\u00e1n siendo contaminados.<\/p>\n","protected":false},"excerpt":{"rendered":"<p>A partir de las 18.00 horas los horarios y frecuencias se ajustan a la modificaci\u00f3n de horarios establecidos por la&#8230;<\/p>\n","protected":false},"author":1,"featured_media":0,"comment_status":"closed","ping_status":"closed","sticky":false,"template":"","format":"standard","meta":{"footnotes":""},"categories":[202,1],"tags":[],"class_list":["post-2994","post","type-post","status-publish","format-standard","hentry","category-nuevos-horarios","category-uncategorized"],"_links":{"self":[{"href":"https:\/\/emtsam.org\/blog\/wp-json\/wp\/v2\/posts\/2994","targetHints":{"allow":["GET"]}}],"collection":[{"href":"https:\/\/emtsam.org\/blog\/wp-json\/wp\/v2\/posts"}],"about":[{"href":"https:\/\/emtsam.org\/blog\/wp-json\/wp\/v2\/types\/post"}],"author":[{"embeddable":true,"href":"https:\/\/emtsam.org\/blog\/wp-json\/wp\/v2\/users\/1"}],"replies":[{"embeddable":true,"href":"https:\/\/emtsam.org\/blog\/wp-json\/wp\/v2\/comments?post=2994"}],"version-history":[{"count":1,"href":"https:\/\/emtsam.org\/blog\/wp-json\/wp\/v2\/posts\/2994\/revisions"}],"predecessor-version":[{"id":2995,"href":"https:\/\/emtsam.org\/blog\/wp-json\/wp\/v2\/posts\/2994\/revisions\/2995"}],"wp:attachment":[{"href":"https:\/\/emtsam.org\/blog\/wp-json\/wp\/v2\/media?parent=2994"}],"wp:term":[{"taxonomy":"category","embeddable":true,"href":"https:\/\/emtsam.org\/blog\/wp-json\/wp\/v2\/categories?post=2994"},{"taxonomy":"post_tag","embeddable":true,"href":"https:\/\/emtsam.org\/blog\/wp-json\/wp\/v2\/tags?post=2994"}],"curies":[{"name":"wp","href":"https:\/\/api.w.org\/{rel}","templated":true}]}}