{"id":3016,"date":"2020-12-29T15:36:17","date_gmt":"2020-12-29T13:36:17","guid":{"rendered":"http:\/\/emtsam.org\/blog\/?p=3016"},"modified":"2020-12-29T15:48:21","modified_gmt":"2020-12-29T13:48:21","slug":"desde-el-1-de-enero-ligera-actualizacion-de-la-tarifa-de-la-emt","status":"publish","type":"post","link":"https:\/\/emtsam.org\/blog\/desde-el-1-de-enero-ligera-actualizacion-de-la-tarifa-de-la-emt\/","title":{"rendered":"Desde el 1 de enero ligera actualizaci\u00f3n de la tarifa de la EMT"},"content":{"rendered":"\n<p>El billete sencillo se incrementa en 10 c\u00e9ntimos y la recarga de 10 viajes se actualiza tambi\u00e9n 10 c\u00e9ntimos, lo que supone 1 c\u00e9ntimo por viaje<\/p>\n\n\n\n<p>Se mantienen inalteradas las tarifas dirigidas a colectivos m\u00e1s sensibles como son jubilados y estudiantes, as\u00ed como los t\u00edtulos que premian a usuarios m\u00e1s frecuentes, como el abono mensual y anual<\/p>\n\n\n\n<p><\/p>\n\n\n\n<p>El pr\u00f3ximo 1 de enero entrar\u00e1n en vigor las ligeras actualizaciones de las tarifas de transporte p\u00fablico aprobadas en 2019 tras haber sido autorizadas por la Junta de Andaluc\u00eda.<\/p>\n\n\n\n<p>Con el objetivo de mejorar el acceso al autob\u00fas y siguiendo la tendencia registrada por el resto de las ciudades espa\u00f1olas, \u00fanicamente se incrementar\u00e1 el precio del billete sencillo; ser\u00e1 de <strong>1,40 \u20ac<\/strong> mientras que el precio de la recarga de 10 viajes en la tarjeta apenas se modifica 10 c\u00e9ntimos,  pasando de 8,30 \u20ac a <strong>8,40\u20ac<\/strong>. El Billete Especial al Aeropuerto pasar\u00e1 de los actuales 3 \u20ac a <strong>4 \u20ac<\/strong>. Cabe recordar que existe una tarjeta personalizada para los trabajadores del Aeropuerto y empresas cercanas al mismo que permite viajar por el precio del billete sencillo.<\/p>\n\n\n\n<p>Se mantiene sin cambios el resto de tarifas dirigidas a colectivos especialmente sensibles, principalmente jubilados y estudiantes e igualmente se contin\u00faa premiando a los usuarios m\u00e1s frecuentes congelando el abono mensual y el anual.<\/p>\n\n\n\n<p>Se trata de una leve subida tras 8 a\u00f1os en los que no se han modificado las tarifa a pesar de las mejoras que se han producido en las l\u00edneas de la EMT, &nbsp;as\u00ed como del incremento del coste del combustible y la ampliaci\u00f3n de la red de transporte con la puesta en servicio de nuevas l\u00edneas en este periodo como las macrol\u00edneas (3, 7, 11, 20, etc\u2026),&nbsp; las nuevas nocturnas (N3, N4) o la ampliaci\u00f3n del servicio a nuevos barrios y n\u00facleos urbanos &nbsp;como Litoral Sacaba (L40), La Mosca, Jarazm\u00edn y Monte San Ant\u00f3n (L29).<\/p>\n\n\n\n<p>Pese a esta peque\u00f1a subida, M\u00e1laga se sit\u00faa como una de las grandes ciudades espa\u00f1olas con el coste del transporte urbano m\u00e1s econ\u00f3mico y acent\u00faa el compromiso del equipo de gobierno por la movilidad sostenible en el transporte p\u00fablico, para que los ciudadanos puedan realizar sus desplazamientos de forma r\u00e1pida y c\u00f3moda.<\/p>\n\n\n\n<p>El Ayuntamiento ha mantenido el precio de transporte p\u00fablico invariable en los \u00faltimos 8 a\u00f1os, si bien se han lanzado nuevas tarjetas, como el abono anual, que baja el precio medio por viaje de una forma sustancial.<\/p>\n\n\n\n<p>Igual ocurre con los t\u00edtulos sociales, especialmente el de j\u00f3venes y estudiantes que ha mantenido un precio reducido de 27 euros para viajes ilimitados durante todo un mes, unas de las condiciones para j\u00f3venes mejores de todo el pa\u00eds.<\/p>\n","protected":false},"excerpt":{"rendered":"<p>El billete sencillo se incrementa en 10 c\u00e9ntimos y la recarga de 10 viajes se actualiza tambi\u00e9n 10 c\u00e9ntimos, lo&#8230;<\/p>\n","protected":false},"author":1,"featured_media":0,"comment_status":"closed","ping_status":"closed","sticky":false,"template":"","format":"standard","meta":{"footnotes":""},"categories":[205],"tags":[],"class_list":["post-3016","post","type-post","status-publish","format-standard","hentry","category-tarifas"],"_links":{"self":[{"href":"https:\/\/emtsam.org\/blog\/wp-json\/wp\/v2\/posts\/3016","targetHints":{"allow":["GET"]}}],"collection":[{"href":"https:\/\/emtsam.org\/blog\/wp-json\/wp\/v2\/posts"}],"about":[{"href":"https:\/\/emtsam.org\/blog\/wp-json\/wp\/v2\/types\/post"}],"author":[{"embeddable":true,"href":"https:\/\/emtsam.org\/blog\/wp-json\/wp\/v2\/users\/1"}],"replies":[{"embeddable":true,"href":"https:\/\/emtsam.org\/blog\/wp-json\/wp\/v2\/comments?post=3016"}],"version-history":[{"count":4,"href":"https:\/\/emtsam.org\/blog\/wp-json\/wp\/v2\/posts\/3016\/revisions"}],"predecessor-version":[{"id":3020,"href":"https:\/\/emtsam.org\/blog\/wp-json\/wp\/v2\/posts\/3016\/revisions\/3020"}],"wp:attachment":[{"href":"https:\/\/emtsam.org\/blog\/wp-json\/wp\/v2\/media?parent=3016"}],"wp:term":[{"taxonomy":"category","embeddable":true,"href":"https:\/\/emtsam.org\/blog\/wp-json\/wp\/v2\/categories?post=3016"},{"taxonomy":"post_tag","embeddable":true,"href":"https:\/\/emtsam.org\/blog\/wp-json\/wp\/v2\/tags?post=3016"}],"curies":[{"name":"wp","href":"https:\/\/api.w.org\/{rel}","templated":true}]}}