{"id":330,"date":"2016-03-07T10:51:19","date_gmt":"2016-03-07T10:51:19","guid":{"rendered":"http:\/\/emtsam.org\/blog\/?p=330"},"modified":"2017-09-20T10:21:43","modified_gmt":"2017-09-20T08:21:43","slug":"la-emt-reforzara-su-servicio-con-400-000-plazas-adicionales-durante-la-semana-santa","status":"publish","type":"post","link":"https:\/\/emtsam.org\/blog\/la-emt-reforzara-su-servicio-con-400-000-plazas-adicionales-durante-la-semana-santa\/","title":{"rendered":"Esta Semana Santa evita tentaciones"},"content":{"rendered":"<h1 style=\"text-align: justify;\"><a href=\"https:\/\/emtsam.org\/blog\/wp-content\/uploads\/2016\/03\/Semana-Santa-2016.jpg\"><img loading=\"lazy\" decoding=\"async\" class=\"aligncenter size-full wp-image-339\" src=\"https:\/\/emtsam.org\/blog\/wp-content\/uploads\/2016\/03\/Semana-Santa-2016.jpg\" alt=\"Semana Santa 2016\" width=\"679\" height=\"641\" srcset=\"https:\/\/emtsam.org\/blog\/wp-content\/uploads\/2016\/03\/Semana-Santa-2016.jpg 679w, https:\/\/emtsam.org\/blog\/wp-content\/uploads\/2016\/03\/Semana-Santa-2016-300x283.jpg 300w, https:\/\/emtsam.org\/blog\/wp-content\/uploads\/2016\/03\/Semana-Santa-2016-624x589.jpg 624w\" sizes=\"auto, (max-width: 679px) 100vw, 679px\" \/><\/a><\/h1>\n<h1 style=\"text-align: justify;\"><span style=\"color: #000080;\"><strong>La EMT reforzar\u00e1 su servicio con 400.000 plazas adicionales durante la Semana Santa<\/strong><\/span><\/h1>\n<p style=\"text-align: justify;\"><span style=\"font-size: 18px; line-height: 28.8px;\">La posici\u00f3n de las cofrad\u00edas estar\u00e1 disponible a trav\u00e9s de los m\u00e1s de 200 paneles situados en la v\u00eda p\u00fablica, adem\u00e1s de Twitter y Facebook; y multitud de aplicaciones m\u00f3vil<img loading=\"lazy\" decoding=\"async\" class=\"size-full wp-image-331 alignright\" src=\"https:\/\/emtsam.org\/blog\/wp-content\/uploads\/2016\/03\/Paneles.jpg\" alt=\"Paneles\" width=\"381\" height=\"197\" srcset=\"https:\/\/emtsam.org\/blog\/wp-content\/uploads\/2016\/03\/Paneles.jpg 381w, https:\/\/emtsam.org\/blog\/wp-content\/uploads\/2016\/03\/Paneles-300x155.jpg 300w\" sizes=\"auto, (max-width: 381px) 100vw, 381px\" \/>es acceder\u00e1n a la se\u00f1al GPS de las procesiones utilizand<br \/>\no la tecnolog\u00eda de la Empresa Malague\u00f1a de Transportes.<\/span><\/p>\n<p>&nbsp;<\/p>\n<p>&nbsp;<\/p>\n<p style=\"text-align: justify;\">El Ayuntamiento de M\u00e1laga y la Agrupaci\u00f3n de Cofrad\u00edas se unen un a\u00f1o m\u00e1s con el objetivo de fomentar el uso del autob\u00fas durante esta Semana Santa, y ofrecer la mejor, mayor y m\u00e1s puntual informaci\u00f3n de las procesiones en este 2016.<\/p>\n<p style=\"text-align: justify;\">La EMT ofertar\u00e1 m\u00e1s de 400.000 plazas adicionales a lo largo de la Semana Santa, alcanzando un servicio total superior a los 2,5 millones de plazas en estas fechas. De media, ser\u00e1n 63.000 las plazas diarias que se ofertan de forma suplementaria, para que la frecuencia de paso y calidad de servicio se vean mejoradas a\u00fan m\u00e1s.<\/p>\n<p style=\"text-align: justify;\">La privilegiada situaci\u00f3n de las marquesinas y paradas de la EMT permitir\u00e1n que los malague\u00f1os puedan acceder al mismo centro de la ciudad en autob\u00fas.<\/p>\n<p style=\"text-align: justify;\">Un a\u00f1o m\u00e1s, desde el Domingo de Ramos, a trav\u00e9s de diversas aplicaciones disponibles en Android y Apple de manera gratuita, ser\u00e1 posible conocer la ubicaci\u00f3n de cada procesi\u00f3n desde que inicia su recorrido. Igualmente se ofrecer\u00e1 informaci\u00f3n sobre los traslados de las im\u00e1genes hasta sus casas de Hermandad en los d\u00edas previos a la Semana Santa<\/p>\n<p style=\"text-align: justify;\"><a href=\"https:\/\/emtsam.org\/blog\/wp-content\/uploads\/2016\/03\/descarga.jpg\"><img loading=\"lazy\" decoding=\"async\" class=\"size-full wp-image-332 alignright\" src=\"https:\/\/emtsam.org\/blog\/wp-content\/uploads\/2016\/03\/descarga.jpg\" alt=\"descarga\" width=\"351\" height=\"143\" srcset=\"https:\/\/emtsam.org\/blog\/wp-content\/uploads\/2016\/03\/descarga.jpg 351w, https:\/\/emtsam.org\/blog\/wp-content\/uploads\/2016\/03\/descarga-300x122.jpg 300w\" sizes=\"auto, (max-width: 351px) 100vw, 351px\" \/><\/a>Para ello, mediante la colaboraci\u00f3n entre Ayuntamiento y Agrupaci\u00f3n de Cofrad\u00edas, la EMT pone a disposici\u00f3n su tecnolog\u00eda de GPS al servicio de las cofrad\u00edas para el seguimiento de las procesiones tanto en las marquesinas como en el interior de los autobuses consolidando el trabajo realizado por la EMT al utilizar su tecnolog\u00eda para ofrecer la posici\u00f3n de todas las procesiones agrupadas.<\/p>\n<p style=\"text-align: justify;\">Todo esto es posible gracias al despliegue que hace la EMT con equipos de GPS, de peso muy reducido, y de apariencia similar a la de un peque\u00f1o tel\u00e9fono m\u00f3vil ubicados junto a la Cruz Gu\u00eda. Adem\u00e1s la EMT dispone de un sistema para verificar y confirmar las posiciones que se ofrecen.<\/p>\n<p class=\"compLadillo\" style=\"text-align: justify;\"><strong>Toda la informaci\u00f3n, accesible<\/strong><\/p>\n<p style=\"text-align: justify;\">La buena aceptaci\u00f3n que tuvo el servicio de informaci\u00f3n ofrecido a trav\u00e9s de WhatsApp ha propiciado que este a\u00f1o se vuelva a contar con esta posibilidad para realizar todo tipo de consultas. El n\u00famero ser\u00e1 el mismo :<\/p>\n<p style=\"text-align: justify;\"><strong>WhatsApp: 665 600 000<\/strong><\/p>\n<p style=\"text-align: justify;\">Proporcionar\u00e1 una comunicaci\u00f3n directa e instant\u00e1nea para la resoluci\u00f3n de todo tipo de dudas sobre desplazamientos, ubicaci\u00f3n de cabeceras y \u00faltimos servicios, o cualquier inquietud que puedan tener los clientes de la EMT.<\/p>\n<p style=\"text-align: justify;\">Este nuevo servicio funcionar\u00e1 todos los d\u00edas de Semana Santa, en horarios de desfiles procesionales.<\/p>\n<p class=\"compLadillo\" style=\"text-align: justify;\"><strong>&#8211; Internet, Smartphones, Tabletas y Redes Sociales<\/strong><\/p>\n<p style=\"text-align: justify;\">Toda la informaci\u00f3n estar\u00e1 accesible desde el portal de Ayuntamiento de M\u00e1laga<a href=\"http:\/\/www.diariosur.es\/www.malaga.eu\"> www.malaga.eu<\/a> y la web de la EMT <a href=\"http:\/\/www.emtmalaga.es\/\">www.emtmalaga.es<\/a>.<\/p>\n<p style=\"text-align: justify;\">La informaci\u00f3n relativa a desv\u00edos, nuevas cabeceras y horarios de las L\u00edneas estar\u00e1 accesible desde la web de la EMT, Facebook, Twitter, la App y Webapp www.emtmalaga.es\/emt-mobile as\u00ed como desde los paneles inteligentes de las marquesinas afectadas.<\/p>\n<p class=\"compLadillo\" style=\"text-align: justify;\"><strong>&#8211; Paneles exteriores<\/strong><\/p>\n<p style=\"text-align: justify;\">Habr\u00e1 un n\u00famero aproximado de 200 paneles en v\u00eda p\u00fablica, la mayor\u00eda situados en las marquesinas de autob\u00fas, si bien se instalar\u00e1n paneles adicionales localizados en los principales cruces de calles y avenidas del itinerario, que ofrecer\u00e1n informaci\u00f3n en tiempo real de los recorridos procesionales. Las ubicaciones de los paneles son tan significativas como calle Larios, Alameda, plaza del Carb\u00f3n, plaza Uncibay, Tribuna de los Pobres, Tej\u00f3n y Rodr\u00edguez, Tribuna Oficial, calle C\u00edster, Puerta del Mar y otras muchas. Adem\u00e1s la Estaci\u00f3n de Autobuses en paseo de los Tilos tambi\u00e9n contar\u00e1 con estos dispositivos, con el objetivo de que las personas que lleguen a nuestra ciudad tengan estas referencias.<\/p>\n<p style=\"text-align: justify;\">Los que se encuentren ubicados en las marquesinas, dar\u00e1n tanto la informaci\u00f3n de los recorridos procesionales como las de servicio de la EMT.<\/p>\n<p class=\"compLadillo\" style=\"text-align: justify;\"><strong>&#8211; SMS: tel\u00e9fono m\u00f3vil<\/strong><\/p>\n<p style=\"text-align: justify;\">La ubicaci\u00f3n exacta de cada procesi\u00f3n seguir\u00e1 estando accesible desde cualquier tipo de tel\u00e9fono m\u00f3vil mediante los SMS. Para ello, se debe enviar la palabra TRONOS al 217213. En el transcurso de unos segundos, el ordenador central de la EMT les enviar\u00e1 un mensaje conteniendo la posici\u00f3n de cada procesi\u00f3n de ese d\u00eda, y las incidencias, si las hubiera.<\/p>\n<p class=\"compLadillo\" style=\"text-align: justify;\"><strong>&#8211; Interior de los autobuses<\/strong><\/p>\n<p style=\"text-align: justify;\">La informaci\u00f3n en tiempo real tambi\u00e9n estar\u00e1 disponible desde el interior de los autobuses urbanos, como un servicio m\u00e1s que ayude a desplazarse por M\u00e1laga. La flota de la EMT est\u00e1 compuesta por m\u00e1s de 270 autobuses, todos equipados con GPS y panel interior de informaci\u00f3n a los clientes.<\/p>\n<p style=\"text-align: justify;\">La Empresa Malague\u00f1a de Transportes realizar\u00e1 un a\u00f1o m\u00e1s una campa\u00f1a que bajo el mensaje: \u201cEsta Semana Santa evita tentaciones y usa el bus\u201d, fomentar\u00e1 el uso del autob\u00fas como la forma m\u00e1s c\u00f3moda, r\u00e1pida y eficaz de acceder al centro de M\u00e1laga y disfrutar de toda la Semana Santa, contando nuevamente con el apoyo de la Agrupaci\u00f3n de Cofrad\u00edas.<\/p>\n<p class=\"compLadillo\" style=\"text-align: justify;\"><strong>Aumento de los servicios<\/strong><\/p>\n<p style=\"text-align: justify;\">Como todos los a\u00f1os se prolongar\u00e1n los horarios de las l\u00edneas. Las \u00faltimas salidas de los autobuses se dar\u00e1n siempre una hora despu\u00e9s de que la \u00faltima procesi\u00f3n pase por la tribuna oficial, con objeto de satisfacer las necesidades de los usuarios hasta el fin del paso de las procesiones.<\/p>\n<p style=\"text-align: justify;\">Por otra parte, en la ma\u00f1ana del S\u00e1bado de Pasi\u00f3n, d\u00eda 19 de marzo, se refuerza con un total de 12 unidades las l\u00edneas del sector de Bail\u00e9n (l\u00edneas n\u00ba 7, 15, 17 y Circular).<\/p>\n<p class=\"compLadillo\" style=\"text-align: justify;\">Cabeceras y paradas de paso<\/p>\n<p style=\"text-align: justify;\">Las actuaciones m\u00e1s relevantes de la campa\u00f1a de Semana Santa de la EMT este a\u00f1o son los siguientes:<\/p>\n<p style=\"text-align: justify;\">&#8211; Cambio de las principales cabeceras con motivo de los desfiles procesionales, con objeto de acercarlas a los ciudadanos, pero sin molestar a los mismos.<\/p>\n<p style=\"text-align: justify;\">&#8211; Como todos los a\u00f1os, las cabeceras de las l\u00edneas se dispondr\u00e1n en 7 grupos de l\u00edneas, dependiendo del recorrido de las mismas. Son los siguientes:<\/p>\n<p style=\"text-align: justify;\">Calle Hilera: l\u00edneas 6, 7, 8, 21, 23 y 38.<\/p>\n<p style=\"text-align: justify;\">Av. Andaluc\u00eda: 11, 25 y 31.<\/p>\n<p style=\"text-align: justify;\">Puente de la Aurora: 2, 17, 26 y 30.<\/p>\n<p style=\"text-align: justify;\">Muelle Heredia: 5, 9, 10, 24 y Circulares 1 y 2.<\/p>\n<p style=\"text-align: justify;\">Paseo del Parque lateral Sur: 11, 32, 33, 34 y 35 (las que provienen de la zona Este).<\/p>\n<p style=\"text-align: justify;\">Muelle Heredia, rotonda Alameda de Col\u00f3n: 36 y 37.<\/p>\n<p style=\"text-align: justify;\">Pl. del General Torrijos: 4, 12,16, 19 y Aeropuerto (l\u00ednea A).<\/p>\n<p style=\"text-align: justify;\">La l\u00ednea 3 mantendr\u00e1 sus paradas en el Paseo del Parque y dispondr\u00e1 de paradas provisionales en Muelle de Heredia.<\/p>\n<p style=\"text-align: justify;\">La l\u00ednea 11 se desdoblar\u00e1 en dos. La cabecera hacia el Palo se efectuar\u00e1 desde el lateral Sur del Parque, mientras que la cabecera hacia Teatinos se situar\u00e1 en la Av. Andaluc\u00eda.<\/p>\n<p style=\"text-align: justify;\">La l\u00ednea 20 se desdoblar\u00e1 en las antiguas 26 y 24.<\/p>\n<p style=\"text-align: justify;\">La l\u00ednea 1 dispondr\u00e1 de paradas en el Paseo del Parque y Muelle de Heredia.<\/p>\n<p style=\"text-align: justify;\">La l\u00ednea 14 mantiene su recorrido habitual hasta Malagueta.<\/p>\n<p class=\"compLadillo\" style=\"text-align: justify;\"><strong>Informaci\u00f3n<\/strong><\/p>\n<p style=\"text-align: justify;\">En los puntos de mayor demanda y, concretamente en las paradas de Muelle Heredia, la EMT dispondr\u00e1 de puntos espec\u00edficos de informaci\u00f3n y atenci\u00f3n a los clientes. Todas las l\u00edneas y todos los autobuses que realicen el servicio en Semana Santa dispondr\u00e1n de seguimiento por sat\u00e9lite GPS, y por tanto, ser\u00e1n organizadas y controladas desde el centro de control de la EMT, para mayor fiabilidad de los usuarios del transporte p\u00fablico.<\/p>\n<p style=\"text-align: justify;\">El Ayuntamiento, a trav\u00e9s de este destacado dispositivo, busca informar y conseguir que los ciudadanos elijan el transporte p\u00fablico como primera opci\u00f3n de desplazamiento y se suban al autob\u00fas. Se espera superar el mill\u00f3n trescientas mil personas transportadas en este per\u00edodo.<\/p>\n<p style=\"text-align: justify;\">\n","protected":false},"excerpt":{"rendered":"<p>La EMT reforzar\u00e1 su servicio con 400.000 plazas adicionales durante la Semana Santa La posici\u00f3n de las cofrad\u00edas estar\u00e1 disponible&#8230;<\/p>\n","protected":false},"author":1,"featured_media":0,"comment_status":"closed","ping_status":"closed","sticky":false,"template":"","format":"standard","meta":{"footnotes":""},"categories":[7],"tags":[16,18,71,72,44],"class_list":["post-330","post","type-post","status-publish","format-standard","hentry","category-semana-santa","tag-emt","tag-emt-malaga","tag-semana-santa","tag-semana-santa-emt","tag-servicio-especial"],"_links":{"self":[{"href":"https:\/\/emtsam.org\/blog\/wp-json\/wp\/v2\/posts\/330","targetHints":{"allow":["GET"]}}],"collection":[{"href":"https:\/\/emtsam.org\/blog\/wp-json\/wp\/v2\/posts"}],"about":[{"href":"https:\/\/emtsam.org\/blog\/wp-json\/wp\/v2\/types\/post"}],"author":[{"embeddable":true,"href":"https:\/\/emtsam.org\/blog\/wp-json\/wp\/v2\/users\/1"}],"replies":[{"embeddable":true,"href":"https:\/\/emtsam.org\/blog\/wp-json\/wp\/v2\/comments?post=330"}],"version-history":[{"count":4,"href":"https:\/\/emtsam.org\/blog\/wp-json\/wp\/v2\/posts\/330\/revisions"}],"predecessor-version":[{"id":345,"href":"https:\/\/emtsam.org\/blog\/wp-json\/wp\/v2\/posts\/330\/revisions\/345"}],"wp:attachment":[{"href":"https:\/\/emtsam.org\/blog\/wp-json\/wp\/v2\/media?parent=330"}],"wp:term":[{"taxonomy":"category","embeddable":true,"href":"https:\/\/emtsam.org\/blog\/wp-json\/wp\/v2\/categories?post=330"},{"taxonomy":"post_tag","embeddable":true,"href":"https:\/\/emtsam.org\/blog\/wp-json\/wp\/v2\/tags?post=330"}],"curies":[{"name":"wp","href":"https:\/\/api.w.org\/{rel}","templated":true}]}}