{"id":3725,"date":"2023-01-02T12:45:57","date_gmt":"2023-01-02T10:45:57","guid":{"rendered":"https:\/\/emtsam.org\/blog\/?p=3725"},"modified":"2023-12-27T12:46:52","modified_gmt":"2023-12-27T10:46:52","slug":"cabalgatas-de-reyes-en-distritos-el-dia-3-de-enero","status":"publish","type":"post","link":"https:\/\/emtsam.org\/blog\/cabalgatas-de-reyes-en-distritos-el-dia-3-de-enero\/","title":{"rendered":"Cabalgatas de Reyes en Distritos el d\u00eda 3 de enero"},"content":{"rendered":"\n<p>Con motivo de la celebraci\u00f3n de Cabalgatas de los Reyes Magos durante el pr\u00f3ximo d\u00eda 3 de enero, las siguientes l\u00edneas tendr\u00e1n alteraciones en horarios y recorridos seg\u00fan el desarrollo del evento y de acuerdo con las restricciones de tr\u00e1fico que realice Polic\u00eda Local.<\/p>\n\n\n\n<h4 class=\"wp-block-heading\">Distrito de Puerto De la Torre:<\/h4>\n\n\n\n<p><strong>L\u00edneas: &nbsp;<\/strong><\/p>\n\n\n\n<ul class=\"wp-block-list\">\n<li><span style=\"color: var(--text-color); font-family: var(--text-font); font-size: 1.0625rem;\">L\u00ednea 21. Alameda Principal &#8211; Carlos Haya &#8211; Puerto De la Torre<\/span><\/li>\n\n\n\n<li>L\u00ednea 62. Puerto de la Torre &#8211; Universidad<\/li>\n<\/ul>\n\n\n\n<p><strong>Recorrido de la Cabalgata<\/strong>: Salida desde Lope de Rueda 181 (a la altura del colegio Europa), Lope de Vega y llegada a Avenida Pintor Manuel Barbadillo.<\/p>\n\n\n\n<p><strong>Duraci\u00f3n<\/strong>: desde las 16:00 hasta las 22:00 horas aproximadamente.<\/p>\n\n\n\n<p> <\/p>\n\n\n\n<h4 class=\"wp-block-heading\">Distrito Carretera de C\u00e1diz:<\/h4>\n\n\n\n<p><strong>L\u00edneas: &nbsp;<\/strong><\/p>\n\n\n\n<ul class=\"wp-block-list\">\n<li><span style=\"color: var(--text-color); font-family: var(--text-font); font-size: 1.0625rem;\">L\u00ednea 3. Puerta blanca &#8211; Alameda Principal &#8211; El Palo (Ol\u00edas)<\/span><\/li>\n\n\n\n<li>L\u00ednea 5. Alameda Principal &#8211; Guadalmar &#8211; Parque de Ocio<\/li>\n\n\n\n<li>L\u00ednea 7. Parque Litoral &#8211; Alameda Principal &#8211; Carlinda<\/li>\n\n\n\n<li>L\u00ednea 9. Alameda Principal &#8211; Churriana (por Calle Maestro Vert)<\/li>\n\n\n\n<li>L\u00ednea 10. Alameda Principal &#8211; Churriana (por Calle Torremolinos)<\/li>\n\n\n\n<li>L\u00ednea 15. Virreina &#8211; Carlos Haya &#8211; Santa Paula<\/li>\n\n\n\n<li>L\u00ednea 27. Avenida Manuel Agust\u00edn Heredia &#8211; Santa B\u00e1rbara &#8211; Pol\u00edgono Industrial Guadalhorce<\/li>\n\n\n\n<li>L\u00ednea 31. Alameda Principal &#8211; Carranque &#8211; Palacio de Deportes<\/li>\n\n\n\n<li>L\u00ednea A. Paseo del Parque &#8211; Aeropuerto<\/li>\n<\/ul>\n\n\n\n<p><strong>Recorrido de la Cabalgata<\/strong>: Salida desde Colegio Eduardo Oc\u00f3n, Calle Tom\u00e1s Echeverr\u00eda, Calle Ayala, Calle La Hoz, Avenida Sor Teresa Prat, Calle Manuel Altolaguirre, Calle Realenga de San Luis, Calle Camino del Pato, Rotonda Moliere, Camino del Pato, Calle Villanueva de Algaidas.<\/p>\n\n\n\n<p><strong>Duraci\u00f3n<\/strong>: desde las 16:15 hasta las 19:30 horas aproximadamente.<\/p>\n\n\n\n<p><strong>Recorrido de la Cabalgata<\/strong>: Salida desde la Parroquia de la Divina Pastora, Alameda de Capuchinos, Fuente Olletas, Cristo de la Epidemia, Tejeros, Manrique, Puerto Parejo, Jard\u00edn de los monos, Comp\u00e1s de la Victoria y llegada al Santuario de la Victoria.<\/p>\n\n\n\n<p><strong>Duraci\u00f3n<\/strong>: A partir de las 17:00 horas.<\/p>\n","protected":false},"excerpt":{"rendered":"<p>Con motivo de la celebraci\u00f3n de Cabalgatas de los Reyes Magos durante el pr\u00f3ximo d\u00eda 3 de enero, las siguientes&#8230;<\/p>\n","protected":false},"author":1,"featured_media":0,"comment_status":"closed","ping_status":"closed","sticky":false,"template":"","format":"standard","meta":{"footnotes":""},"categories":[8],"tags":[98,16,18],"class_list":["post-3725","post","type-post","status-publish","format-standard","hentry","category-navidad","tag-cabalgata-emt","tag-emt","tag-emt-malaga"],"_links":{"self":[{"href":"https:\/\/emtsam.org\/blog\/wp-json\/wp\/v2\/posts\/3725","targetHints":{"allow":["GET"]}}],"collection":[{"href":"https:\/\/emtsam.org\/blog\/wp-json\/wp\/v2\/posts"}],"about":[{"href":"https:\/\/emtsam.org\/blog\/wp-json\/wp\/v2\/types\/post"}],"author":[{"embeddable":true,"href":"https:\/\/emtsam.org\/blog\/wp-json\/wp\/v2\/users\/1"}],"replies":[{"embeddable":true,"href":"https:\/\/emtsam.org\/blog\/wp-json\/wp\/v2\/comments?post=3725"}],"version-history":[{"count":10,"href":"https:\/\/emtsam.org\/blog\/wp-json\/wp\/v2\/posts\/3725\/revisions"}],"predecessor-version":[{"id":4149,"href":"https:\/\/emtsam.org\/blog\/wp-json\/wp\/v2\/posts\/3725\/revisions\/4149"}],"wp:attachment":[{"href":"https:\/\/emtsam.org\/blog\/wp-json\/wp\/v2\/media?parent=3725"}],"wp:term":[{"taxonomy":"category","embeddable":true,"href":"https:\/\/emtsam.org\/blog\/wp-json\/wp\/v2\/categories?post=3725"},{"taxonomy":"post_tag","embeddable":true,"href":"https:\/\/emtsam.org\/blog\/wp-json\/wp\/v2\/tags?post=3725"}],"curies":[{"name":"wp","href":"https:\/\/api.w.org\/{rel}","templated":true}]}}