{"id":3754,"date":"2023-01-03T13:18:02","date_gmt":"2023-01-03T11:18:02","guid":{"rendered":"https:\/\/emtsam.org\/blog\/?p=3754"},"modified":"2023-07-21T16:49:16","modified_gmt":"2023-07-21T14:49:16","slug":"cabalgatas-de-reyes-en-distritos-el-dia-4-de-enero","status":"publish","type":"post","link":"https:\/\/emtsam.org\/blog\/cabalgatas-de-reyes-en-distritos-el-dia-4-de-enero\/","title":{"rendered":"Cabalgatas de Reyes en Distritos el d\u00eda 4 de enero"},"content":{"rendered":"<p style=\"text-align: justify;\">Con motivo de la celebraci\u00f3n de distintos Pasacalles y Cabalgatas de los Reyes Magos durante el pr\u00f3ximo d\u00eda 4 de enero, las siguientes l\u00edneas tendr\u00e1n alteraciones en horarios y recorridos seg\u00fan el desarrollo del evento y de acuerdo con las restricciones de tr\u00e1fico que realice la Polic\u00eda Local.<\/p>\n<h4>Distrito M\u00e1laga Este:<\/h4>\n<p><strong>L\u00edneas: &nbsp;<\/strong><\/p>\n<ul>\n<li><span style=\"color: var(--text-color); font-family: var(--text-font); font-size: 1.0625rem;\">L\u00ednea 3. Puerta blanca &#8211; Alameda Principal &#8211; El Palo (Ol\u00edas)<\/span><\/li>\n<li>L\u00ednea 8. El Palo &#8211; Carlos Haya &#8211; Cl\u00ednico<\/li>\n<li>L\u00ednea 11. Universidad &#8211; Alameda Principal &#8211; El Palo (Playa Virginia)<\/li>\n<li>L\u00ednea 29. Jarazm\u00edn &#8211; El Palo, Jarazm\u00edn<\/li>\n<li>L\u00ednea 32. Avenida de Andaluc\u00eda &#8211; Limonar &#8211; Mayorazgo<\/li>\n<li>L\u00ednea 33. Avenida de Andaluc\u00eda &#8211; Cerrado de Calder\u00f3n<\/li>\n<li>L\u00ednea 34. Avenida de Andaluc\u00eda &#8211; Pedregalejo<\/li>\n<li>L\u00ednea C3. Circular Parque Clavero<\/li>\n<\/ul>\n<p style=\"text-align: justify;\"><strong>Recorrido<\/strong>: Salida desde Carretera de Ol\u00edas, Calle Almer\u00eda, Avenida Juan Sebasti\u00e1n Elcano, Avenida Pintor Joaqu\u00edn Sorolla, Paseo Miramar, Calle San Vicente de Paul.<\/p>\n<p><strong>Duraci\u00f3n<\/strong>: desde las 17:30 aproximadamente hasta la finalizaci\u00f3n del evento.<\/p>\n<h4>Distrito de Bail\u00e9n &#8211; Miraflores:<\/h4>\n<p><strong>L\u00edneas: &nbsp;<\/strong><\/p>\n<ul>\n<li>L\u00ednea 7. Parque Litoral &#8211; Alameda Principal &#8211; Carlinda<\/li>\n<li>L\u00ednea 18. Ciudad Jard\u00edn &#8211; Teatinos<\/li>\n<li>L\u00ednea C1. Circular 1<\/li>\n<li>L\u00ednea C2. Circular 2<\/li>\n<li>L\u00ednea C6. Circular 6<\/li>\n<\/ul>\n<p style=\"text-align: justify;\"><strong>Recorrido: <\/strong>Salida desde Calle Ibraim, Calle Juan Antonio Tercero, Calle Nuestra Se\u00f1ora de los Clarines, Calle Miraclaveles, Plaza De la Iglesia, Plaza Miraflores, Avenida Miraflores de los \u00c1ngeles, Rotonda Su\u00e1rez, Calle Albacete, Calle Mart\u00ednez De la Rosa, Calle Bar\u00f3n de Les, Cabas Galv\u00e1n y Calle Nuestra Se\u00f1ora de los Clarines.<\/p>\n<p><strong>Duraci\u00f3n<\/strong>: desde las 17:30 hasta la finalizaci\u00f3n del evento.<\/p>\n<h4>Distrito Cruz Humilladero:<\/h4>\n<p><strong>L\u00edneas: &nbsp;<\/strong><\/p>\n<ul>\n<li><span style=\"color: var(--text-color); font-family: var(--text-font); font-size: 1.0625rem;\">L\u00ednea 4. Paseo del Parque &#8211; Cruz Humilladero &#8211; Cortijo Alto<\/span><\/li>\n<li><span style=\"color: var(--text-color); font-family: var(--text-font); font-size: 1.0625rem;\">L\u00ednea 19. Paseo del Parque &#8211; Campanillas &#8211; Maqueda (Avenida J.O y Gasset)<\/span><\/li>\n<li><span style=\"color: var(--text-color); font-family: var(--text-font); font-size: 1.0625rem;\">L\u00ednea 20. Alegr\u00eda de la Huerta &#8211; Alameda Principal &#8211; Los Prados<\/span><\/li>\n<\/ul>\n<p><strong>Recorrido:&nbsp;<\/strong>Salida desde Calle Fern\u00e1ndez Fermina, Calle Conde de Guadalhorce, Plaza Cruz Humilladero, Camino de San Rafael, Calle Alfambra, Calle La Uni\u00f3n, Calle Antonio Luis Carri\u00f3n, Paseo de los Tilos, Plaza Cruz Humilladero y llegada a Calle Conde del Guadalhorce.<\/p>\n<p><strong>Duraci\u00f3n<\/strong>: desde las 17:00 hasta las 21:00 horas aproximadamente.<\/p>\n\n\n<h4 class=\"wp-block-heading\"><\/h4>\n\n\n\n<p><\/p>\n","protected":false},"excerpt":{"rendered":"<p>Con motivo de la celebraci\u00f3n de distintos Pasacalles y Cabalgatas de los Reyes Magos durante el pr\u00f3ximo d\u00eda 4 de&#8230;<\/p>\n","protected":false},"author":1,"featured_media":0,"comment_status":"closed","ping_status":"closed","sticky":false,"template":"","format":"standard","meta":{"footnotes":""},"categories":[8],"tags":[98,16,18],"class_list":["post-3754","post","type-post","status-publish","format-standard","hentry","category-navidad","tag-cabalgata-emt","tag-emt","tag-emt-malaga"],"_links":{"self":[{"href":"https:\/\/emtsam.org\/blog\/wp-json\/wp\/v2\/posts\/3754","targetHints":{"allow":["GET"]}}],"collection":[{"href":"https:\/\/emtsam.org\/blog\/wp-json\/wp\/v2\/posts"}],"about":[{"href":"https:\/\/emtsam.org\/blog\/wp-json\/wp\/v2\/types\/post"}],"author":[{"embeddable":true,"href":"https:\/\/emtsam.org\/blog\/wp-json\/wp\/v2\/users\/1"}],"replies":[{"embeddable":true,"href":"https:\/\/emtsam.org\/blog\/wp-json\/wp\/v2\/comments?post=3754"}],"version-history":[{"count":6,"href":"https:\/\/emtsam.org\/blog\/wp-json\/wp\/v2\/posts\/3754\/revisions"}],"predecessor-version":[{"id":3911,"href":"https:\/\/emtsam.org\/blog\/wp-json\/wp\/v2\/posts\/3754\/revisions\/3911"}],"wp:attachment":[{"href":"https:\/\/emtsam.org\/blog\/wp-json\/wp\/v2\/media?parent=3754"}],"wp:term":[{"taxonomy":"category","embeddable":true,"href":"https:\/\/emtsam.org\/blog\/wp-json\/wp\/v2\/categories?post=3754"},{"taxonomy":"post_tag","embeddable":true,"href":"https:\/\/emtsam.org\/blog\/wp-json\/wp\/v2\/tags?post=3754"}],"curies":[{"name":"wp","href":"https:\/\/api.w.org\/{rel}","templated":true}]}}