{"id":3761,"date":"2023-01-04T12:34:55","date_gmt":"2023-01-04T10:34:55","guid":{"rendered":"https:\/\/emtsam.org\/blog\/?p=3761"},"modified":"2023-07-21T16:46:55","modified_gmt":"2023-07-21T14:46:55","slug":"cabalgata-de-reyes-cabeceras-y-paradas-2","status":"publish","type":"post","link":"https:\/\/emtsam.org\/blog\/cabalgata-de-reyes-cabeceras-y-paradas-2\/","title":{"rendered":"Cabalgata de Reyes. Refuerzo de transporte p\u00fablico, desv\u00edos, cabeceras y paradas"},"content":{"rendered":"\n<p>La Empresa Malague\u00f1a de Transportes (EMT) para favorecer y garantizar el acceso de los malague\u00f1os y malague\u00f1as de todos los distritos de la ciudad al Centro durante toda la jornada del jueves ofertar\u00e1 12.000 plazas adicionales en pr\u00e1cticamente todas las l\u00edneas de autobuses.<\/p>\n\n\n\n<p>En total, se incrementar\u00e1 en un 10% el n\u00famero de autobuses que circular\u00e1n el jueves por la ciudad.<\/p>\n\n\n\n<p>Con el objeto de favorecer el transporte p\u00fablico las paradas del Paseo del Parque y Alameda Principal se trasladar\u00e1n al Paseo de Los Curas y Muelle Heredia, donde se establecer\u00e1 un carril bus en sentido Este.<\/p>\n\n\n\n<p>Cabeceras y Paradas de paso<\/p>\n\n\n\n<p>1- <strong>Desde las 06:00 horas&nbsp;<\/strong>\u2013 debido al montaje del evento- del jueves 5 de enero y hasta la apertura de tr\u00e1fico la noche del mismo d\u00eda, se anulan las paradas situadas en Paseo del Parque-Torrijos, Alameda Principal, Av. de Andaluc\u00eda \u2013en el tramo desde puente Tetu\u00e1n hasta plaza Manuel Alc\u00e1ntara- e incluido Nazareno del Paso. La parada ubicada en Cuarteles esquina Av. de la Aurora quedar\u00e1 exclusivamente en servicio para la l\u00ednea 7 en sentido Parque Litoral y para la l\u00ednea 20 en sentido Los Prados.<\/p>\n\n\n\n<p>Las paradas y\/o cabeceras de las principales l\u00edneas estar\u00e1n situadas la siguiente forma dependiendo de su recorrido:<\/p>\n\n\n\n<ul class=\"wp-block-list\">\n<li>Avenida de Andaluc\u00eda &#8211; Rotonda: L\u00edneas 11 sentido Universidad, 25, 31 y N4.<\/li>\n\n\n\n<li>Muelle Heredia sentido Oeste (varias paradas): L\u00edneas 1, 3, 4, 5, 8, 9, 10, 11, 14, 19, 32, 33, 34, 35, 36, 37, N1, N2, C1, Aeropuerto. Las l\u00edneas 27 y 40 mantienen sus paradas en Muelle de Heredia en su horario habitual.<\/li>\n\n\n\n<li>Muelle Heredia sentido Este (parada ubicada en la puerta del Puerto L40): l\u00edneas 1, 3, 8, 11, 14, 32, 33, 34, 35, 37, C2 y N1.<\/li>\n\n\n\n<li>Paseo de los Curas (ambos sentidos): L\u00edneas 1, 3, 8, 11, 14, 32, 33, 34, 35, 37, N1, N2 y Circulares 1 y 2.<\/li>\n\n\n\n<li>Calle Cuarteles (esquina av. de Aurora): L7 en sentido Parque Litoral, L20 en sentido Los Prados.<\/li>\n\n\n\n<li>Calle Hilera: L\u00edneas 21, 23 y 38 (las l\u00edneas 7 y 8 anulan su parada en esta calle, parada m\u00e1s pr\u00f3xima en Armengual de la Mota)<\/li>\n<\/ul>\n\n\n\n<p>Por su parte, las macro l\u00edneas 1, 3, 8 y 11 que unen de un extremo a otro la ciudad seguir\u00e1n funcionando con el mismo origen y destino, aunque desviadas por Paseo de los Curas y Muelle Heredia.<\/p>\n\n\n\n<p>2.-&nbsp;<strong>Corte a partir de las 15:00 horas&nbsp;<\/strong>del jueves 5 de enero, debido al recorrido de la cabalgata y por motivos de seguridad, las paradas ubicadas en Atarazanas L\u00edneas 2, 17, 30 y 20 sentido Alegr\u00eda de la Huerta se trasladan a Puente de la Aurora.<\/p>\n\n\n\n<p>Asimismo, quedar\u00e1n cortadas al tr\u00e1fico la Plaza de Torrijos y la calle de la Victoria estableci\u00e9ndose los siguientes desv\u00edos:<\/p>\n\n\n\n<ul class=\"wp-block-list\">\n<li>Zona Este: L\u00edneas 3, 8, 11, 32, 33, 34 y 35 se desv\u00edan por el Paseo Mar\u00edtimo Pablo Ruiz Picasso (Idris en un sentido y Gutenberg en el otro) quedando anuladas las paradas de Av. de Pr\u00edes y Paseo de Reding.<\/li>\n\n\n\n<li>Zona Norte: quedar\u00e1n anuladas todas las paradas de esta calle y en Comp\u00e1s de la Victoria, desviando las l\u00edneas 1, 36, 37 y circulares C1 y C2 por Camino Nuevo, Paseo Sancha, Gutenberg y Paseo Mar\u00edtimo en sentido centro y en sentido norte por la calle Idris.<\/li>\n<\/ul>\n\n\n\n<p>Una vez que se vayan abriendo los diferentes movimientos al tr\u00e1fico se ir\u00e1n recuperando los desv\u00edos seg\u00fan el corte de anterior (Alameda Principal\/Paseo del Parque), hasta llegar a la normalidad a lo largo de la noche del 5 de enero.<\/p>\n\n\n\n<p><strong>PLANOS SITUACI\u00d3N DE CABECERAS DURANTE LA CABALGATA<\/strong><\/p>\n\n\n\n<p>PLANO GENERAL:<\/p>\n\n\n\n<figure class=\"wp-block-image size-large\"><a href=\"https:\/\/emtsam.org\/blog\/wp-content\/uploads\/2023\/01\/CABECERAS-POR-ZONAS-Usuarios.jpg\"><img loading=\"lazy\" decoding=\"async\" width=\"1024\" height=\"717\" src=\"https:\/\/emtsam.org\/blog\/wp-content\/uploads\/2023\/01\/CABECERAS-POR-ZONAS-Usuarios-1024x717.jpg\" alt=\"\" class=\"wp-image-3762\" srcset=\"https:\/\/emtsam.org\/blog\/wp-content\/uploads\/2023\/01\/CABECERAS-POR-ZONAS-Usuarios-1024x717.jpg 1024w, https:\/\/emtsam.org\/blog\/wp-content\/uploads\/2023\/01\/CABECERAS-POR-ZONAS-Usuarios-300x210.jpg 300w, https:\/\/emtsam.org\/blog\/wp-content\/uploads\/2023\/01\/CABECERAS-POR-ZONAS-Usuarios-768x538.jpg 768w, https:\/\/emtsam.org\/blog\/wp-content\/uploads\/2023\/01\/CABECERAS-POR-ZONAS-Usuarios-1536x1075.jpg 1536w, https:\/\/emtsam.org\/blog\/wp-content\/uploads\/2023\/01\/CABECERAS-POR-ZONAS-Usuarios.jpg 1980w\" sizes=\"auto, (max-width: 1024px) 100vw, 1024px\" \/><\/a><\/figure>\n\n\n\n<p>PLANO DETALLE MUELLE HEREDIA<\/p>\n\n\n\n<figure class=\"wp-block-image size-large\"><a href=\"https:\/\/emtsam.org\/blog\/wp-content\/uploads\/2023\/01\/Plano-Muelle-Heredia.jpg\"><img loading=\"lazy\" decoding=\"async\" width=\"1024\" height=\"593\" src=\"https:\/\/emtsam.org\/blog\/wp-content\/uploads\/2023\/01\/Plano-Muelle-Heredia-1024x593.jpg\" alt=\"\" class=\"wp-image-3764\" srcset=\"https:\/\/emtsam.org\/blog\/wp-content\/uploads\/2023\/01\/Plano-Muelle-Heredia-1024x593.jpg 1024w, https:\/\/emtsam.org\/blog\/wp-content\/uploads\/2023\/01\/Plano-Muelle-Heredia-300x174.jpg 300w, https:\/\/emtsam.org\/blog\/wp-content\/uploads\/2023\/01\/Plano-Muelle-Heredia-768x445.jpg 768w, https:\/\/emtsam.org\/blog\/wp-content\/uploads\/2023\/01\/Plano-Muelle-Heredia-1536x889.jpg 1536w, https:\/\/emtsam.org\/blog\/wp-content\/uploads\/2023\/01\/Plano-Muelle-Heredia.jpg 1736w\" sizes=\"auto, (max-width: 1024px) 100vw, 1024px\" \/><\/a><\/figure>\n\n\n\n<p>PLANO DETALLE AVENIDA ANDALUC\u00cdA &#8211; CALLE HILERA<\/p>\n\n\n\n<figure class=\"wp-block-image size-large\"><a href=\"https:\/\/emtsam.org\/blog\/wp-content\/uploads\/2023\/01\/Plano-Hilera.jpg\"><img loading=\"lazy\" decoding=\"async\" width=\"1024\" height=\"515\" src=\"https:\/\/emtsam.org\/blog\/wp-content\/uploads\/2023\/01\/Plano-Hilera-1024x515.jpg\" alt=\"\" class=\"wp-image-3765\" srcset=\"https:\/\/emtsam.org\/blog\/wp-content\/uploads\/2023\/01\/Plano-Hilera-1024x515.jpg 1024w, https:\/\/emtsam.org\/blog\/wp-content\/uploads\/2023\/01\/Plano-Hilera-300x151.jpg 300w, https:\/\/emtsam.org\/blog\/wp-content\/uploads\/2023\/01\/Plano-Hilera-768x386.jpg 768w, https:\/\/emtsam.org\/blog\/wp-content\/uploads\/2023\/01\/Plano-Hilera-1536x773.jpg 1536w, https:\/\/emtsam.org\/blog\/wp-content\/uploads\/2023\/01\/Plano-Hilera.jpg 1729w\" sizes=\"auto, (max-width: 1024px) 100vw, 1024px\" \/><\/a><\/figure>\n\n\n\n<p>PLANO DETALLE PASEO DE LOS CURAS<\/p>\n\n\n\n<figure class=\"wp-block-image size-large\"><a href=\"https:\/\/emtsam.org\/blog\/wp-content\/uploads\/2023\/01\/Plano-Paseo-de-los-Curas.jpg\"><img loading=\"lazy\" decoding=\"async\" width=\"1024\" height=\"532\" src=\"https:\/\/emtsam.org\/blog\/wp-content\/uploads\/2023\/01\/Plano-Paseo-de-los-Curas-1024x532.jpg\" alt=\"\" class=\"wp-image-3766\" srcset=\"https:\/\/emtsam.org\/blog\/wp-content\/uploads\/2023\/01\/Plano-Paseo-de-los-Curas-1024x532.jpg 1024w, https:\/\/emtsam.org\/blog\/wp-content\/uploads\/2023\/01\/Plano-Paseo-de-los-Curas-300x156.jpg 300w, https:\/\/emtsam.org\/blog\/wp-content\/uploads\/2023\/01\/Plano-Paseo-de-los-Curas-768x399.jpg 768w, https:\/\/emtsam.org\/blog\/wp-content\/uploads\/2023\/01\/Plano-Paseo-de-los-Curas-1536x797.jpg 1536w, https:\/\/emtsam.org\/blog\/wp-content\/uploads\/2023\/01\/Plano-Paseo-de-los-Curas.jpg 1720w\" sizes=\"auto, (max-width: 1024px) 100vw, 1024px\" \/><\/a><\/figure>\n\n\n\n<p>PLANO DETALLE PUENTE DE LA AURORA:<\/p>\n\n\n\n<figure class=\"wp-block-image size-large\"><a href=\"https:\/\/emtsam.org\/blog\/wp-content\/uploads\/2023\/01\/Puente-de-la-Aurora-scaled.jpg\"><img loading=\"lazy\" decoding=\"async\" width=\"1024\" height=\"555\" src=\"https:\/\/emtsam.org\/blog\/wp-content\/uploads\/2023\/01\/Puente-de-la-Aurora-1024x555.jpg\" alt=\"\" class=\"wp-image-3767\" srcset=\"https:\/\/emtsam.org\/blog\/wp-content\/uploads\/2023\/01\/Puente-de-la-Aurora-1024x555.jpg 1024w, https:\/\/emtsam.org\/blog\/wp-content\/uploads\/2023\/01\/Puente-de-la-Aurora-300x163.jpg 300w, https:\/\/emtsam.org\/blog\/wp-content\/uploads\/2023\/01\/Puente-de-la-Aurora-768x417.jpg 768w, https:\/\/emtsam.org\/blog\/wp-content\/uploads\/2023\/01\/Puente-de-la-Aurora-1536x833.jpg 1536w, https:\/\/emtsam.org\/blog\/wp-content\/uploads\/2023\/01\/Puente-de-la-Aurora-2048x1111.jpg 2048w\" sizes=\"auto, (max-width: 1024px) 100vw, 1024px\" \/><\/a><\/figure>\n\n\n\n<p><\/p>\n","protected":false},"excerpt":{"rendered":"<p>La Empresa Malague\u00f1a de Transportes (EMT) para favorecer y garantizar el acceso de los malague\u00f1os y malague\u00f1as de todos los&#8230;<\/p>\n","protected":false},"author":1,"featured_media":0,"comment_status":"closed","ping_status":"closed","sticky":false,"template":"","format":"standard","meta":{"footnotes":""},"categories":[8],"tags":[98,16,18],"class_list":["post-3761","post","type-post","status-publish","format-standard","hentry","category-navidad","tag-cabalgata-emt","tag-emt","tag-emt-malaga"],"_links":{"self":[{"href":"https:\/\/emtsam.org\/blog\/wp-json\/wp\/v2\/posts\/3761","targetHints":{"allow":["GET"]}}],"collection":[{"href":"https:\/\/emtsam.org\/blog\/wp-json\/wp\/v2\/posts"}],"about":[{"href":"https:\/\/emtsam.org\/blog\/wp-json\/wp\/v2\/types\/post"}],"author":[{"embeddable":true,"href":"https:\/\/emtsam.org\/blog\/wp-json\/wp\/v2\/users\/1"}],"replies":[{"embeddable":true,"href":"https:\/\/emtsam.org\/blog\/wp-json\/wp\/v2\/comments?post=3761"}],"version-history":[{"count":12,"href":"https:\/\/emtsam.org\/blog\/wp-json\/wp\/v2\/posts\/3761\/revisions"}],"predecessor-version":[{"id":3787,"href":"https:\/\/emtsam.org\/blog\/wp-json\/wp\/v2\/posts\/3761\/revisions\/3787"}],"wp:attachment":[{"href":"https:\/\/emtsam.org\/blog\/wp-json\/wp\/v2\/media?parent=3761"}],"wp:term":[{"taxonomy":"category","embeddable":true,"href":"https:\/\/emtsam.org\/blog\/wp-json\/wp\/v2\/categories?post=3761"},{"taxonomy":"post_tag","embeddable":true,"href":"https:\/\/emtsam.org\/blog\/wp-json\/wp\/v2\/tags?post=3761"}],"curies":[{"name":"wp","href":"https:\/\/api.w.org\/{rel}","templated":true}]}}