{"id":3895,"date":"2023-07-14T13:45:16","date_gmt":"2023-07-14T11:45:16","guid":{"rendered":"https:\/\/emtsam.org\/blog\/?p=3895"},"modified":"2023-12-07T12:35:14","modified_gmt":"2023-12-07T10:35:14","slug":"procesiones-de-la-virgen-del-carmen","status":"publish","type":"post","link":"https:\/\/emtsam.org\/blog\/procesiones-de-la-virgen-del-carmen\/","title":{"rendered":"Procesiones de la Virgen del Carmen"},"content":{"rendered":"\n<p>Los d\u00edas 15 y 16 de julio se producir\u00e1n alteraciones en horarios y recorridos de alguna de nuestras l\u00edneas con motivo de las diferentes procesiones de la Virgen del Carmen.<\/p>\n\n\n\n<p><strong>D\u00eda 15 de julio<\/strong><\/p>\n\n\n\n<figure class=\"wp-block-image size-large\"><a href=\"https:\/\/emtsam.org\/blog\/wp-content\/uploads\/2023\/07\/Aviso-Procesion-Virgen-del-Carmen-15-07-23.jpg\"><img loading=\"lazy\" decoding=\"async\" width=\"754\" height=\"1024\" src=\"https:\/\/emtsam.org\/blog\/wp-content\/uploads\/2023\/07\/Aviso-Procesion-Virgen-del-Carmen-15-07-23-754x1024.jpg\" alt=\"\" class=\"wp-image-3896\" srcset=\"https:\/\/emtsam.org\/blog\/wp-content\/uploads\/2023\/07\/Aviso-Procesion-Virgen-del-Carmen-15-07-23-754x1024.jpg 754w, https:\/\/emtsam.org\/blog\/wp-content\/uploads\/2023\/07\/Aviso-Procesion-Virgen-del-Carmen-15-07-23-221x300.jpg 221w, https:\/\/emtsam.org\/blog\/wp-content\/uploads\/2023\/07\/Aviso-Procesion-Virgen-del-Carmen-15-07-23-768x1043.jpg 768w, https:\/\/emtsam.org\/blog\/wp-content\/uploads\/2023\/07\/Aviso-Procesion-Virgen-del-Carmen-15-07-23-1131x1536.jpg 1131w, https:\/\/emtsam.org\/blog\/wp-content\/uploads\/2023\/07\/Aviso-Procesion-Virgen-del-Carmen-15-07-23.jpg 1272w\" sizes=\"auto, (max-width: 754px) 100vw, 754px\" \/><\/a><\/figure>\n\n\n\n<p><strong>D\u00eda 16 de julio<\/strong><\/p>\n\n\n\n<figure class=\"wp-block-image size-large\"><a href=\"https:\/\/emtsam.org\/blog\/wp-content\/uploads\/2023\/07\/Aviso-Procesion-Virgen-del-Carmen-16-07-23-A.jpg\"><img loading=\"lazy\" decoding=\"async\" width=\"754\" height=\"1024\" src=\"https:\/\/emtsam.org\/blog\/wp-content\/uploads\/2023\/07\/Aviso-Procesion-Virgen-del-Carmen-16-07-23-A-754x1024.jpg\" alt=\"\" class=\"wp-image-3897\" srcset=\"https:\/\/emtsam.org\/blog\/wp-content\/uploads\/2023\/07\/Aviso-Procesion-Virgen-del-Carmen-16-07-23-A-754x1024.jpg 754w, https:\/\/emtsam.org\/blog\/wp-content\/uploads\/2023\/07\/Aviso-Procesion-Virgen-del-Carmen-16-07-23-A-221x300.jpg 221w, https:\/\/emtsam.org\/blog\/wp-content\/uploads\/2023\/07\/Aviso-Procesion-Virgen-del-Carmen-16-07-23-A-768x1043.jpg 768w, https:\/\/emtsam.org\/blog\/wp-content\/uploads\/2023\/07\/Aviso-Procesion-Virgen-del-Carmen-16-07-23-A-1131x1536.jpg 1131w, https:\/\/emtsam.org\/blog\/wp-content\/uploads\/2023\/07\/Aviso-Procesion-Virgen-del-Carmen-16-07-23-A.jpg 1272w\" sizes=\"auto, (max-width: 754px) 100vw, 754px\" \/><\/a><\/figure>\n\n\n\n<figure class=\"wp-block-image size-large\"><a href=\"https:\/\/emtsam.org\/blog\/wp-content\/uploads\/2023\/07\/Aviso-Procesion-Virgen-del-Carmen-16-07-23-B.jpg\"><img loading=\"lazy\" decoding=\"async\" width=\"754\" height=\"1024\" src=\"https:\/\/emtsam.org\/blog\/wp-content\/uploads\/2023\/07\/Aviso-Procesion-Virgen-del-Carmen-16-07-23-B-754x1024.jpg\" alt=\"\" class=\"wp-image-3898\" srcset=\"https:\/\/emtsam.org\/blog\/wp-content\/uploads\/2023\/07\/Aviso-Procesion-Virgen-del-Carmen-16-07-23-B-754x1024.jpg 754w, https:\/\/emtsam.org\/blog\/wp-content\/uploads\/2023\/07\/Aviso-Procesion-Virgen-del-Carmen-16-07-23-B-221x300.jpg 221w, https:\/\/emtsam.org\/blog\/wp-content\/uploads\/2023\/07\/Aviso-Procesion-Virgen-del-Carmen-16-07-23-B-768x1043.jpg 768w, https:\/\/emtsam.org\/blog\/wp-content\/uploads\/2023\/07\/Aviso-Procesion-Virgen-del-Carmen-16-07-23-B-1131x1536.jpg 1131w, https:\/\/emtsam.org\/blog\/wp-content\/uploads\/2023\/07\/Aviso-Procesion-Virgen-del-Carmen-16-07-23-B.jpg 1272w\" sizes=\"auto, (max-width: 754px) 100vw, 754px\" \/><\/a><\/figure>\n\n\n\n<figure class=\"wp-block-image size-large\"><a href=\"https:\/\/emtsam.org\/blog\/wp-content\/uploads\/2023\/07\/Aviso-Procesion-Virgen-del-Carmen-16-07-23-C.jpg\"><img loading=\"lazy\" decoding=\"async\" width=\"754\" height=\"1024\" src=\"https:\/\/emtsam.org\/blog\/wp-content\/uploads\/2023\/07\/Aviso-Procesion-Virgen-del-Carmen-16-07-23-C-754x1024.jpg\" alt=\"\" class=\"wp-image-3899\" srcset=\"https:\/\/emtsam.org\/blog\/wp-content\/uploads\/2023\/07\/Aviso-Procesion-Virgen-del-Carmen-16-07-23-C-754x1024.jpg 754w, https:\/\/emtsam.org\/blog\/wp-content\/uploads\/2023\/07\/Aviso-Procesion-Virgen-del-Carmen-16-07-23-C-221x300.jpg 221w, https:\/\/emtsam.org\/blog\/wp-content\/uploads\/2023\/07\/Aviso-Procesion-Virgen-del-Carmen-16-07-23-C-768x1043.jpg 768w, https:\/\/emtsam.org\/blog\/wp-content\/uploads\/2023\/07\/Aviso-Procesion-Virgen-del-Carmen-16-07-23-C-1131x1536.jpg 1131w, https:\/\/emtsam.org\/blog\/wp-content\/uploads\/2023\/07\/Aviso-Procesion-Virgen-del-Carmen-16-07-23-C.jpg 1272w\" sizes=\"auto, (max-width: 754px) 100vw, 754px\" \/><\/a><\/figure>\n","protected":false},"excerpt":{"rendered":"<p>Los d\u00edas 15 y 16 de julio se producir\u00e1n alteraciones en horarios y recorridos de alguna de nuestras l\u00edneas con&#8230;<\/p>\n","protected":false},"author":1,"featured_media":0,"comment_status":"closed","ping_status":"closed","sticky":false,"template":"","format":"standard","meta":{"footnotes":""},"categories":[168],"tags":[],"class_list":["post-3895","post","type-post","status-publish","format-standard","hentry","category-procesiones"],"_links":{"self":[{"href":"https:\/\/emtsam.org\/blog\/wp-json\/wp\/v2\/posts\/3895","targetHints":{"allow":["GET"]}}],"collection":[{"href":"https:\/\/emtsam.org\/blog\/wp-json\/wp\/v2\/posts"}],"about":[{"href":"https:\/\/emtsam.org\/blog\/wp-json\/wp\/v2\/types\/post"}],"author":[{"embeddable":true,"href":"https:\/\/emtsam.org\/blog\/wp-json\/wp\/v2\/users\/1"}],"replies":[{"embeddable":true,"href":"https:\/\/emtsam.org\/blog\/wp-json\/wp\/v2\/comments?post=3895"}],"version-history":[{"count":1,"href":"https:\/\/emtsam.org\/blog\/wp-json\/wp\/v2\/posts\/3895\/revisions"}],"predecessor-version":[{"id":3900,"href":"https:\/\/emtsam.org\/blog\/wp-json\/wp\/v2\/posts\/3895\/revisions\/3900"}],"wp:attachment":[{"href":"https:\/\/emtsam.org\/blog\/wp-json\/wp\/v2\/media?parent=3895"}],"wp:term":[{"taxonomy":"category","embeddable":true,"href":"https:\/\/emtsam.org\/blog\/wp-json\/wp\/v2\/categories?post=3895"},{"taxonomy":"post_tag","embeddable":true,"href":"https:\/\/emtsam.org\/blog\/wp-json\/wp\/v2\/tags?post=3895"}],"curies":[{"name":"wp","href":"https:\/\/api.w.org\/{rel}","templated":true}]}}