{"id":4147,"date":"2024-01-04T10:07:57","date_gmt":"2024-01-04T08:07:57","guid":{"rendered":"https:\/\/emtsam.org\/blog\/?p=4147"},"modified":"2024-03-26T09:59:41","modified_gmt":"2024-03-26T07:59:41","slug":"cabalgata-de-reyes-refuerzo-de-transporte-publico-desvios-cabeceras-y-paradas","status":"publish","type":"post","link":"https:\/\/emtsam.org\/blog\/cabalgata-de-reyes-refuerzo-de-transporte-publico-desvios-cabeceras-y-paradas\/","title":{"rendered":"Cabalgata de Reyes. Refuerzo de transporte p\u00fablico, desv\u00edos, cabeceras y paradas"},"content":{"rendered":"\n<p>La Empresa Malague\u00f1a de Transportes (EMT) para favorecer y garantizar el acceso de los malague\u00f1os y malague\u00f1as de todos los distritos de la ciudad al Centro durante toda la jornada del viernes ofertar\u00e1 12.000 plazas adicionales en pr\u00e1cticamente todas las l\u00edneas de autobuses.<\/p>\n\n\n\n<p>Todas las l\u00edneas prolongar\u00e1n servicio realizando su \u00faltima salida a las 23:30 excepto las siguientes l\u00edneas: 15, 18, 22, 27, 28, 29, 30, 31, 35, 36, 40, C5, 73, 75 y C6, que mantendr\u00e1n la \u00faltima salida de su horario habitual.<\/p>\n\n\n\n<p>En total, se incrementar\u00e1 en un 10% el n\u00famero de autobuses que circular\u00e1n el viernes por la ciudad.<\/p>\n\n\n\n<p>Con el objeto de favorecer el transporte p\u00fablico las paradas del Paseo del Parque y Alameda Principal se trasladar\u00e1n al Paseo de Los Curas y Muelle Heredia, donde se establecer\u00e1 un carril bus en sentido Este.<\/p>\n\n\n\n<p>Cabeceras y Paradas de paso<\/p>\n\n\n\n<p>1- <strong>Desde las 06:00 horas&nbsp;<\/strong>\u2013 debido al montaje del evento- del viernes 5 de enero y hasta la apertura de tr\u00e1fico la noche del mismo d\u00eda, se anulan las paradas situadas en Paseo del Parque-Torrijos, Alameda Principal, Av. de Andaluc\u00eda \u2013en el tramo desde puente Tetu\u00e1n hasta plaza Manuel Alc\u00e1ntara- e incluido Nazareno del Paso. La parada ubicada en Cuarteles esquina Av. de la Aurora quedar\u00e1 exclusivamente en servicio para la l\u00ednea 7 en sentido Parque Litoral y para la l\u00ednea 20 en sentido Los Prados.<\/p>\n\n\n\n<p>Las paradas y\/o cabeceras de las principales l\u00edneas estar\u00e1n situadas la siguiente forma dependiendo de su recorrido:<\/p>\n\n\n\n<ul class=\"wp-block-list\">\n<li>Avenida de Andaluc\u00eda &#8211; Rotonda: L\u00edneas 11 sentido Universidad, 25, 31 y N4.<\/li>\n\n\n\n<li>Muelle Heredia sentido Oeste (varias paradas): L\u00edneas 1, 3, 4, 5, 8, 9, 10, 11, 14, 19, 32, 33, 34, 35, 36, 37, N1, N2, C1, Aeropuerto. Las l\u00edneas 27 y 40 mantienen sus paradas en Muelle de Heredia en su horario habitual.<\/li>\n\n\n\n<li>Muelle Heredia sentido Este (parada ubicada en la puerta del Puerto L40): l\u00edneas 1, 3, 8, 11, 14, 32, 33, 34, 35, 37, C2 y N1.<\/li>\n\n\n\n<li>Paseo de los Curas (ambos sentidos): L\u00edneas 1, 3, 8, 11, 14, 32, 33, 34, 35, 37, N1, N2 y Circulares 1 y 2.<\/li>\n\n\n\n<li>Calle Cuarteles (esquina av. de Aurora): L7 en sentido Parque Litoral, L20 en sentido Los Prados.<\/li>\n\n\n\n<li>Calle Hilera: L\u00edneas 21, 23 y 38 (las l\u00edneas 7 y 8 anulan su parada en esta calle, parada m\u00e1s pr\u00f3xima en Armengual de la Mota)<\/li>\n<\/ul>\n\n\n\n<p>Por su parte, las macro l\u00edneas 1, 3, 8 y 11 que unen de un extremo a otro la ciudad seguir\u00e1n funcionando con el mismo origen y destino, aunque desviadas por Paseo de los Curas y Muelle Heredia.<\/p>\n\n\n\n<p>2.-&nbsp;<strong>Corte a partir de las 15:00 horas&nbsp;<\/strong>del viernes 5 de enero, debido al recorrido de la cabalgata y por motivos de seguridad, las paradas ubicadas en Atarazanas L\u00edneas 2, 17, 30 y 20 sentido Alegr\u00eda de la Huerta se trasladan a Puente de la Aurora.<\/p>\n\n\n\n<p>Asimismo, quedar\u00e1n cortadas al tr\u00e1fico la Plaza de Torrijos y la calle de la Victoria estableci\u00e9ndose los siguientes desv\u00edos:<\/p>\n\n\n\n<ul class=\"wp-block-list\">\n<li>Zona Este: L\u00edneas 3, 8, 11, 32, 33, 34 y 35 se desv\u00edan por el Paseo Mar\u00edtimo Pablo Ruiz Picasso (Idris en un sentido y Gutenberg en el otro) quedando anuladas las paradas de Av. de Pr\u00edes y Paseo de Reding.<\/li>\n\n\n\n<li>Zona Norte: quedar\u00e1n anuladas todas las paradas de esta calle y en Comp\u00e1s de la Victoria, desviando las l\u00edneas 1, 36, 37 y circulares C1 y C2 por Camino Nuevo, Paseo Sancha, Gutenberg y Paseo Mar\u00edtimo en sentido centro y en sentido norte por la calle Idris.<\/li>\n<\/ul>\n\n\n\n<p>Una vez que se vayan abriendo los diferentes movimientos al tr\u00e1fico se ir\u00e1n recuperando los desv\u00edos seg\u00fan el corte de anterior (Alameda Principal\/Paseo del Parque), hasta llegar a la normalidad a lo largo de la noche del 5 de enero al 6 de enero.<\/p>\n\n\n\n<p><strong>PLANOS SITUACI\u00d3N DE CABECERAS DURANTE LA CABALGATA<\/strong><\/p>\n\n\n\n<p>PLANO GENERAL:<\/p>\n\n\n\n<figure class=\"wp-block-image size-large\"><a href=\"https:\/\/emtsam.org\/blog\/wp-content\/uploads\/2024\/01\/CABECERAS-POR-ZONAS-Usuarios.jpg\"><img loading=\"lazy\" decoding=\"async\" width=\"1024\" height=\"716\" src=\"https:\/\/emtsam.org\/blog\/wp-content\/uploads\/2024\/01\/CABECERAS-POR-ZONAS-Usuarios-1024x716.jpg\" alt=\"\" class=\"wp-image-4172\" srcset=\"https:\/\/emtsam.org\/blog\/wp-content\/uploads\/2024\/01\/CABECERAS-POR-ZONAS-Usuarios-1024x716.jpg 1024w, https:\/\/emtsam.org\/blog\/wp-content\/uploads\/2024\/01\/CABECERAS-POR-ZONAS-Usuarios-300x210.jpg 300w, https:\/\/emtsam.org\/blog\/wp-content\/uploads\/2024\/01\/CABECERAS-POR-ZONAS-Usuarios-768x537.jpg 768w, https:\/\/emtsam.org\/blog\/wp-content\/uploads\/2024\/01\/CABECERAS-POR-ZONAS-Usuarios-1536x1075.jpg 1536w, https:\/\/emtsam.org\/blog\/wp-content\/uploads\/2024\/01\/CABECERAS-POR-ZONAS-Usuarios-2048x1433.jpg 2048w\" sizes=\"auto, (max-width: 1024px) 100vw, 1024px\" \/><\/a><\/figure>\n\n\n\n<p>PLANO DETALLE MUELLE HEREDIA<\/p>\n\n\n\n<figure class=\"wp-block-image size-large\"><a href=\"https:\/\/emtsam.org\/blog\/wp-content\/uploads\/2024\/01\/Muelle-Heredia_1.jpg\"><img loading=\"lazy\" decoding=\"async\" width=\"1024\" height=\"570\" src=\"https:\/\/emtsam.org\/blog\/wp-content\/uploads\/2024\/01\/Muelle-Heredia_1-1024x570.jpg\" alt=\"\" class=\"wp-image-4174\" srcset=\"https:\/\/emtsam.org\/blog\/wp-content\/uploads\/2024\/01\/Muelle-Heredia_1-1024x570.jpg 1024w, https:\/\/emtsam.org\/blog\/wp-content\/uploads\/2024\/01\/Muelle-Heredia_1-300x167.jpg 300w, https:\/\/emtsam.org\/blog\/wp-content\/uploads\/2024\/01\/Muelle-Heredia_1-768x428.jpg 768w, https:\/\/emtsam.org\/blog\/wp-content\/uploads\/2024\/01\/Muelle-Heredia_1.jpg 1287w\" sizes=\"auto, (max-width: 1024px) 100vw, 1024px\" \/><\/a><\/figure>\n\n\n\n<p>PLANO DETALLE AVENIDA ANDALUC\u00cdA &#8211; CALLE HILERA<\/p>\n\n\n\n<figure class=\"wp-block-image size-large\"><a href=\"https:\/\/emtsam.org\/blog\/wp-content\/uploads\/2024\/01\/Hilera_1-1.jpg\"><img loading=\"lazy\" decoding=\"async\" width=\"1024\" height=\"525\" src=\"https:\/\/emtsam.org\/blog\/wp-content\/uploads\/2024\/01\/Hilera_1-1-1024x525.jpg\" alt=\"\" class=\"wp-image-4180\" srcset=\"https:\/\/emtsam.org\/blog\/wp-content\/uploads\/2024\/01\/Hilera_1-1-1024x525.jpg 1024w, https:\/\/emtsam.org\/blog\/wp-content\/uploads\/2024\/01\/Hilera_1-1-300x154.jpg 300w, https:\/\/emtsam.org\/blog\/wp-content\/uploads\/2024\/01\/Hilera_1-1-768x394.jpg 768w, https:\/\/emtsam.org\/blog\/wp-content\/uploads\/2024\/01\/Hilera_1-1.jpg 1276w\" sizes=\"auto, (max-width: 1024px) 100vw, 1024px\" \/><\/a><\/figure>\n\n\n\n<p>PLANO DETALLE PASEO DE LOS CURAS<\/p>\n\n\n\n<figure class=\"wp-block-image size-large\"><a href=\"https:\/\/emtsam.org\/blog\/wp-content\/uploads\/2023\/01\/Plano-Paseo-de-los-Curas.jpg\"><img loading=\"lazy\" decoding=\"async\" width=\"1024\" height=\"532\" src=\"https:\/\/emtsam.org\/blog\/wp-content\/uploads\/2023\/01\/Plano-Paseo-de-los-Curas-1024x532.jpg\" alt=\"\" class=\"wp-image-3766\" srcset=\"https:\/\/emtsam.org\/blog\/wp-content\/uploads\/2023\/01\/Plano-Paseo-de-los-Curas-1024x532.jpg 1024w, https:\/\/emtsam.org\/blog\/wp-content\/uploads\/2023\/01\/Plano-Paseo-de-los-Curas-300x156.jpg 300w, https:\/\/emtsam.org\/blog\/wp-content\/uploads\/2023\/01\/Plano-Paseo-de-los-Curas-768x399.jpg 768w, https:\/\/emtsam.org\/blog\/wp-content\/uploads\/2023\/01\/Plano-Paseo-de-los-Curas-1536x797.jpg 1536w, https:\/\/emtsam.org\/blog\/wp-content\/uploads\/2023\/01\/Plano-Paseo-de-los-Curas.jpg 1720w\" sizes=\"auto, (max-width: 1024px) 100vw, 1024px\" \/><\/a><\/figure>\n\n\n\n<p>PLANO DETALLE PUENTE DE LA AURORA:<\/p>\n\n\n\n<figure class=\"wp-block-image size-large\"><a href=\"https:\/\/emtsam.org\/blog\/wp-content\/uploads\/2024\/01\/Aurora_1.jpg\"><img loading=\"lazy\" decoding=\"async\" width=\"1024\" height=\"535\" src=\"https:\/\/emtsam.org\/blog\/wp-content\/uploads\/2024\/01\/Aurora_1-1024x535.jpg\" alt=\"\" class=\"wp-image-4177\" srcset=\"https:\/\/emtsam.org\/blog\/wp-content\/uploads\/2024\/01\/Aurora_1-1024x535.jpg 1024w, https:\/\/emtsam.org\/blog\/wp-content\/uploads\/2024\/01\/Aurora_1-300x157.jpg 300w, https:\/\/emtsam.org\/blog\/wp-content\/uploads\/2024\/01\/Aurora_1-768x401.jpg 768w, https:\/\/emtsam.org\/blog\/wp-content\/uploads\/2024\/01\/Aurora_1.jpg 1240w\" sizes=\"auto, (max-width: 1024px) 100vw, 1024px\" \/><\/a><\/figure>\n\n\n\n<p><\/p>\n","protected":false},"excerpt":{"rendered":"<p>La Empresa Malague\u00f1a de Transportes (EMT) para favorecer y garantizar el acceso de los malague\u00f1os y malague\u00f1as de todos los&#8230;<\/p>\n","protected":false},"author":1,"featured_media":0,"comment_status":"closed","ping_status":"closed","sticky":false,"template":"","format":"standard","meta":{"footnotes":""},"categories":[43,8],"tags":[98,16,18],"class_list":["post-4147","post","type-post","status-publish","format-standard","hentry","category-eventos","category-navidad","tag-cabalgata-emt","tag-emt","tag-emt-malaga"],"_links":{"self":[{"href":"https:\/\/emtsam.org\/blog\/wp-json\/wp\/v2\/posts\/4147","targetHints":{"allow":["GET"]}}],"collection":[{"href":"https:\/\/emtsam.org\/blog\/wp-json\/wp\/v2\/posts"}],"about":[{"href":"https:\/\/emtsam.org\/blog\/wp-json\/wp\/v2\/types\/post"}],"author":[{"embeddable":true,"href":"https:\/\/emtsam.org\/blog\/wp-json\/wp\/v2\/users\/1"}],"replies":[{"embeddable":true,"href":"https:\/\/emtsam.org\/blog\/wp-json\/wp\/v2\/comments?post=4147"}],"version-history":[{"count":4,"href":"https:\/\/emtsam.org\/blog\/wp-json\/wp\/v2\/posts\/4147\/revisions"}],"predecessor-version":[{"id":4181,"href":"https:\/\/emtsam.org\/blog\/wp-json\/wp\/v2\/posts\/4147\/revisions\/4181"}],"wp:attachment":[{"href":"https:\/\/emtsam.org\/blog\/wp-json\/wp\/v2\/media?parent=4147"}],"wp:term":[{"taxonomy":"category","embeddable":true,"href":"https:\/\/emtsam.org\/blog\/wp-json\/wp\/v2\/categories?post=4147"},{"taxonomy":"post_tag","embeddable":true,"href":"https:\/\/emtsam.org\/blog\/wp-json\/wp\/v2\/tags?post=4147"}],"curies":[{"name":"wp","href":"https:\/\/api.w.org\/{rel}","templated":true}]}}