{"id":4588,"date":"2025-11-26T14:16:21","date_gmt":"2025-11-26T12:16:21","guid":{"rendered":"https:\/\/emtsam.org\/blog\/?p=4588"},"modified":"2025-11-27T14:56:30","modified_gmt":"2025-11-27T12:56:30","slug":"encendido-de-luces-de-navidad-modificacion-de-paradas","status":"publish","type":"post","link":"https:\/\/emtsam.org\/blog\/encendido-de-luces-de-navidad-modificacion-de-paradas\/","title":{"rendered":"Encendido de luces de Navidad modificaci\u00f3n de paradas"},"content":{"rendered":"\n<p>Con motivo del corte de tr\u00e1fico previsto de la Alameda Principal entre calle Larios y calle C\u00f3rdoba desde las 16:00 horas hasta las 22:00 horas, determinadas l\u00edneas de la EMT desviar\u00e1n su recorrido habitual. Esto supondr\u00e1 la anulaci\u00f3n de las paradas de autob\u00fas ubicadas en el lateral sur de la Alameda Principal (sentido este).<br>Los desv\u00edos previstos son los siguientes:<br>\u2022 Sentido avenida de Andaluc\u00eda: los desv\u00edos de l\u00edneas que se dirijan desde Paseo del Parque hacia la avenida de Andaluc\u00eda se realizar\u00e1n a la altura de Boquete del Muelle, avenida Manuel Agust\u00edn Heredia y calle C\u00f3rdoba para regresar a Alameda Principal.<br>\u2022 Sentido Paseo del Parque: los desv\u00edos de l\u00edneas que se dirijan desde la avenida de Andaluc\u00eda hacia el Paseo del Parque se realizar\u00e1n a la altura de Alameda de Col\u00f3n, avenida Manuel Agust\u00edn Heredia, Boquete del Muelle y Paseo del Parque.<br>Las l\u00edneas 7 y 20 procedentes de la avenida de Andaluc\u00eda realizar\u00e1n su recorrido por la Alameda de Col\u00f3n para girar hacia la avenida Manuel Agust\u00edn Heredia, sentido oeste.<br>Para facilitar el correcto acceso a los autobuses, la EMT va a disponer un equipo de informadores distribuidos en las zonas de la Alameda Principal norte, Alameda Principal sur y la avenida Manuel Agust\u00edn Heredia.<br><\/p>\n\n\n\n<p>anulaci\u00f3n y desplazamiento de paradas, conforme al plano que se incluye m\u00e1s abajo.<br><\/p>\n\n\n\n<p><strong>Situaci\u00f3n de paradas<\/strong><\/p>\n\n\n\n<p>Tanto las paradas en el tramo Plaza de la Marina, Alameda Principal (sector entre c\/ Larios y c\/ C\u00f3rdoba) como las del todo el lateral sur de Alameda Principal quedan anuladas, desplaz\u00e1ndose las mismas conforme al plano de m\u00e1s abajo.<\/p>\n\n\n\n<figure class=\"wp-block-image size-large\"><a href=\"https:\/\/emtsam.org\/blog\/wp-content\/uploads\/2025\/11\/Aviso-Encendido-luces-28-11-25-1.jpg\"><img loading=\"lazy\" decoding=\"async\" width=\"1024\" height=\"718\" src=\"https:\/\/emtsam.org\/blog\/wp-content\/uploads\/2025\/11\/Aviso-Encendido-luces-28-11-25-1-1024x718.jpg\" alt=\"\" class=\"wp-image-4590\" srcset=\"https:\/\/emtsam.org\/blog\/wp-content\/uploads\/2025\/11\/Aviso-Encendido-luces-28-11-25-1-1024x718.jpg 1024w, https:\/\/emtsam.org\/blog\/wp-content\/uploads\/2025\/11\/Aviso-Encendido-luces-28-11-25-1-300x210.jpg 300w, https:\/\/emtsam.org\/blog\/wp-content\/uploads\/2025\/11\/Aviso-Encendido-luces-28-11-25-1-768x539.jpg 768w, https:\/\/emtsam.org\/blog\/wp-content\/uploads\/2025\/11\/Aviso-Encendido-luces-28-11-25-1-1536x1077.jpg 1536w, https:\/\/emtsam.org\/blog\/wp-content\/uploads\/2025\/11\/Aviso-Encendido-luces-28-11-25-1.jpg 1754w\" sizes=\"auto, (max-width: 1024px) 100vw, 1024px\" \/><\/a><\/figure>\n\n\n\n<p><strong>Informadores<\/strong><\/p>\n\n\n\n<p>Para facilitar el correcto acceso a los autobuses, la EMT va a disponer un equipo de informadores distribuidos en las zonas de Alameda Principal Norte, Alameda Principal Sur y Av. Manuel Agust\u00edn Heredia.<\/p>\n\n\n\n<p><\/p>\n\n\n\n<p><\/p>\n","protected":false},"excerpt":{"rendered":"<p>Con motivo del corte de tr\u00e1fico previsto de la Alameda Principal entre calle Larios y calle C\u00f3rdoba desde las 16:00&#8230;<\/p>\n","protected":false},"author":1,"featured_media":0,"comment_status":"closed","ping_status":"closed","sticky":false,"template":"","format":"standard","meta":{"footnotes":""},"categories":[1],"tags":[],"class_list":["post-4588","post","type-post","status-publish","format-standard","hentry","category-uncategorized"],"_links":{"self":[{"href":"https:\/\/emtsam.org\/blog\/wp-json\/wp\/v2\/posts\/4588","targetHints":{"allow":["GET"]}}],"collection":[{"href":"https:\/\/emtsam.org\/blog\/wp-json\/wp\/v2\/posts"}],"about":[{"href":"https:\/\/emtsam.org\/blog\/wp-json\/wp\/v2\/types\/post"}],"author":[{"embeddable":true,"href":"https:\/\/emtsam.org\/blog\/wp-json\/wp\/v2\/users\/1"}],"replies":[{"embeddable":true,"href":"https:\/\/emtsam.org\/blog\/wp-json\/wp\/v2\/comments?post=4588"}],"version-history":[{"count":3,"href":"https:\/\/emtsam.org\/blog\/wp-json\/wp\/v2\/posts\/4588\/revisions"}],"predecessor-version":[{"id":4593,"href":"https:\/\/emtsam.org\/blog\/wp-json\/wp\/v2\/posts\/4588\/revisions\/4593"}],"wp:attachment":[{"href":"https:\/\/emtsam.org\/blog\/wp-json\/wp\/v2\/media?parent=4588"}],"wp:term":[{"taxonomy":"category","embeddable":true,"href":"https:\/\/emtsam.org\/blog\/wp-json\/wp\/v2\/categories?post=4588"},{"taxonomy":"post_tag","embeddable":true,"href":"https:\/\/emtsam.org\/blog\/wp-json\/wp\/v2\/tags?post=4588"}],"curies":[{"name":"wp","href":"https:\/\/api.w.org\/{rel}","templated":true}]}}