{"id":4597,"date":"2025-12-11T10:28:06","date_gmt":"2025-12-11T08:28:06","guid":{"rendered":"https:\/\/emtsam.org\/blog\/?p=4597"},"modified":"2025-12-15T09:06:28","modified_gmt":"2025-12-15T07:06:28","slug":"generali-maraton-malaga-2025","status":"publish","type":"post","link":"https:\/\/emtsam.org\/blog\/generali-maraton-malaga-2025\/","title":{"rendered":"Generali Marat\u00f3n M\u00e1laga 2025"},"content":{"rendered":"\n<p>Con motivo de la <strong>Generali Marat\u00f3n M\u00e1laga 2025<\/strong>, dado que el recorrido de la prueba afecta a gran n\u00famero de calles de la ciudad, el servicio de determinadas l\u00edneas de los autobuses de la EMT se ver\u00e1 interrumpido y\/o desviado desde las 20:00 horas del s\u00e1bado y hasta las 17:00 horas del domingo.<\/p>\n\n\n\n<p>El s\u00e1bado 13 desde las 20:00 horas y hasta el inicio de la prueba el domingo, 14 de diciembre, las l\u00edneas que atraviesan el Parque de M\u00e1laga en su recorrido habitual en sentido este (hacia El Palo) lo har\u00e1n a trav\u00e9s de Alameda Principal, Cortina del Muelle y avenida Cervantes. Por su parte, en sentido oeste (hacia la avenida de Andaluc\u00eda) circular\u00e1n por el Paseo de los Curas, Muelle Heredia, calle C\u00f3rdoba y Alameda Principal.<\/p>\n\n\n\n<p>Desde el corte del Paseo del Parque, las cabeceras y paradas situadas en el Paseo del Parque quedar\u00e1n anuladas, debiendo desplazarse los usuarios a las paradas correspondientes en Alameda Principal o Paseo Reding dependiendo del destino deseado.<\/p>\n\n\n\n<p>En el siguiente plano se puede apreciar el recorrido de la prueba por lo que el funcionamiento de la mayor\u00eda de las l\u00edneas de la EMT se ver\u00e1 fuertemente afectado.<\/p>\n\n\n\n<figure class=\"wp-block-image size-full is-resized\"><a href=\"https:\/\/emtsam.org\/blog\/wp-content\/uploads\/2024\/12\/Diseno-sin-titulo-84.png\"><img loading=\"lazy\" decoding=\"async\" width=\"472\" height=\"236\" src=\"https:\/\/emtsam.org\/blog\/wp-content\/uploads\/2024\/12\/Diseno-sin-titulo-84.png\" alt=\"\" class=\"wp-image-4380\" style=\"width:880px;height:auto\" srcset=\"https:\/\/emtsam.org\/blog\/wp-content\/uploads\/2024\/12\/Diseno-sin-titulo-84.png 472w, https:\/\/emtsam.org\/blog\/wp-content\/uploads\/2024\/12\/Diseno-sin-titulo-84-300x150.png 300w\" sizes=\"auto, (max-width: 472px) 100vw, 472px\" \/><\/a><\/figure>\n\n\n\n<p>Para ello, se han estudiado las distintas posibilidades y recorrido de cada una de las l\u00edneas afectadas que se detallan a continuaci\u00f3n, haciendo notar que, al tratarse de un evento movible, que depender\u00e1 del desarrollo de la prueba, no es posible precisar las horas de corte exactas que realizar\u00e1 la Polic\u00eda Local, pero es previsible que pueda haber las siguientes interrupciones por zonas:<\/p>\n\n\n\n<p><strong>1. De 08:30 a 09:30 (ZONA CENTRO)<\/strong> Paseo del Parque, Plaza de la Marina, Alameda Principal, Avda. Andaluc\u00eda, Plz Poeta Manuel Alc\u00e1ntara, Armengual de la Mota, Calle M\u00e1rmoles hacia Tribuna de los Pobres, Pasillo de Santa Isabel, Pasillo de Atocha, Calle Jos\u00e9 Garc\u00eda Caparr\u00f3s, giro por Puente de la Misericordia, Av de la Aurora, Av de las Am\u00e9ricas, Plaza de la solidaridad, Callejones del Perchel, Rotonda Albert Camus, Av de la Aurora y Pasillo del Matadero, Puente del Carmen, Muelle de Heredia, Pseo de los Curas, Paseo de la Farola, La Farola, Paseo de Levante, Terminal de Cruceros, Paseo de Levante, La Farola, Paseo de la Farola, Paseo Mar\u00edtimo Ciudad de Melilla.<\/p>\n\n\n\n<p><strong>2. De 09:00 a 11:30 (ZONA ESTE)<\/strong> Paseo Mar\u00edtimo Pablo Ruiz Picasso, Joaqu\u00edn Sorolla, C\/ Bolivia, Salvador Allende, hasta Antonio Guti\u00e9rrez Mata, y vuelta por Juan Sebasti\u00e1n Elcano, Sorolla, Paseo de Sancha y Reding.<\/p>\n\n\n\n<p><strong>3. De 09:30 a 12:30 (ZONA NORTE)<\/strong> Plaza Torrijos, Paseo de los Curas, Alameda Principal, Hilera, Armengual de la Mota, Jaboneros, D. Juan de Austria, Doctor Mara\u00f1\u00f3n, Puente de la Palmilla Camino de La Palmilla, Valle Incl\u00e1n, Jorge Silvela, Puente de la Rosaleda, Paseo de Martiricos, Av. F\u00e1tima, Pasillo de Guimbarda, Pasillo del Matadero.<\/p>\n\n\n\n<p><strong>4. De 10:00 a 14:30 (ZONA OESTE)<\/strong> Paseo Mar\u00edtimo Antonio Machado, Calle Pac\u00edfico, Imperio Argentina, Alicia Larrocha, Miguel de M\u00e9rida Nicolich, Villanueva del Rosario, Montejaque, Periodista Paco Rengel, N340, Calle Pac\u00edfico, Paseo Mar\u00edtimo Antonio Machado, Calle Alemania Garc\u00eda Caparros, Pasillo de Santa Isabel, Cisneros, Especer\u00eda, Larios, Plaza de la Marina, El Parque.<\/p>\n\n\n\n<p>Las horas de cierre o de apertura depender\u00e1n siempre del desarrollo del evento deportivo y de las indicaciones de Polic\u00eda Local.<\/p>\n\n\n\n<p><strong>Desv\u00edos por l\u00edneas:<\/strong><\/p>\n\n\n\n<p>&nbsp;<strong>L\u00ednea 1<\/strong><\/p>\n\n\n\n<p>Se divide:<\/p>\n\n\n\n<p>Zona Oeste (Hermanos Lumiere &#8211; Centro)<\/p>\n\n\n\n<p>Recorrido habitual hasta final de C\/ Ayala, despu\u00e9s giro a la izquierda hacia Explanada de la Estaci\u00f3n. Mientras dure el corte de Plaza de la Solidaridad y Callejones del Perchel al principio de la prueba se har\u00e1 el giro directamente hacia C\/ H\u00e9roe de Sostoa. Una vez que se abra esa zona contin\u00faa recorrido por Ayala, Explanada de la Estaci\u00f3n, Callejones del Perchel, Av Aurora y Cuarteles.<\/p>\n\n\n\n<p>Zona Norte(Parque del Sur \u2013 Centro)<\/p>\n\n\n\n<p>Se podr\u00e1 utilizar est\u00e1 l\u00ednea en su recorrido habitual hasta la Plaza de la Victoria. Una vez all\u00ed se dar\u00e1 la vuelta nuevamente por Comp\u00e1s de la Victoria hacia Parque del Sur.<\/p>\n\n\n\n<p><strong>L\u00ednea 2<\/strong><\/p>\n\n\n\n<p>Desde su cabecera en Ciudad Jard\u00edn se har\u00e1 cambio de sentido en rotonda del Conservatorio para bajar por Emilio Thuiller, Emilio D\u00edaz, Alb\u00e9niz, San Juan Bosco y recorrido hasta Plaza de la Victoria volviendo hacia Ciudad Jard\u00edn desde Comp\u00e1s de la Victoria.<\/p>\n\n\n\n<p>Hacia cab1 subimos tambi\u00e9n por calle Cristo de la Epidemia desde Comp\u00e1s de la Victoria igual que L1 y subida por Emilio Thuiller recuperando la l\u00ednea en Jerez Perchet.<\/p>\n\n\n\n<p><strong>L\u00ednea 3<\/strong><\/p>\n\n\n\n<p>Se divide:<\/p>\n\n\n\n<p>Zona Oeste(Puerta Blanca &#8211; Centro)<\/p>\n\n\n\n<p>Recorrido habitual hasta final de C\/ Ayala, despu\u00e9s giro a la izquierda hacia Explanada de la Estaci\u00f3n. Mientras dure el corte de Plaza de la Solidaridad y Callejones del Perchel al principio de la prueba se har\u00e1 el giro directamente hacia C\/ H\u00e9roe de Sostoa. Una vez que se abra esa zona contin\u00faa recorrido por: Ayala, Explanada de la Estaci\u00f3n, Callejones del Perchel, Av. Aurora y Cuarteles.<\/p>\n\n\n\n<p>Zona Este(Sector Palo)<strong>&nbsp;&nbsp;&nbsp;&nbsp;<\/strong><\/p>\n\n\n\n<p>Como consecuencia de la coincidencia de parte del recorrido con la prueba, no es posible asegurar ning\u00fan movimiento de la zona Este de esta l\u00ednea.<strong><\/strong><\/p>\n\n\n\n<p><strong>L\u00ednea 4<\/strong><\/p>\n\n\n\n<p>Mientras est\u00e9 cortada la Plaza de Solidaridad y Callejones del Perchel recorrido habitual desde cabecera en Cortijo alto hasta calle Eguiluz y vuelta hacia por Paseo de los Tilos. Una vez que se abra esa zona, recorrido habitual hasta Callejones del Perchel y vuelta en rotonda Albert Camus hacia cabecera en Cortijo alto.<\/p>\n\n\n\n<p><strong>L\u00edneas 5, 9 y 10:&nbsp;<\/strong><\/p>\n\n\n\n<p>Recorrido habitual desde Guadalmar\/Churriana hasta final de C\/ Ayala, despu\u00e9s giro a la izquierda hacia Explanada de la Estaci\u00f3n. Mientras dure el corte de Plaza de la Solidaridad y Callejones del Perchel (al principio de la prueba) se har\u00e1 el giro directamente hacia C\/ H\u00e9roe de Sostoa. Una vez que se abra esa zona, recorrido por Ayala, Explanada de la Estaci\u00f3n, Callejones del Perchel, Av. Aurora y Cuarteles.<\/p>\n\n\n\n<p><strong>L\u00ednea 7: <\/strong>Se divide:<\/p>\n\n\n\n<p><em>Zona Oeste<\/em> (Parque Litoral \u2013 Centro)<\/p>\n\n\n\n<p>Anula cabecera de Imperio Argentina y la establece en Plaza de las Brigadas Internacionales (L15). Recorrido habitual hasta final de C\/ Ayala, despu\u00e9s giro a la izquierda hacia Explanada de la Estaci\u00f3n. Mientras dure el corte de Plaza de la Solidaridad y Callejones del Perchel al principio de la prueba se har\u00e1 el giro directamente hacia C\/ H\u00e9roe de Sostoa. Una vez que se abra esa zona, recorrido por: Ayala, Explanada de la Estaci\u00f3n, Callejones del Perchel, Av Aurora y Cuarteles.<\/p>\n\n\n\n<p><em>Zona Norte<\/em> (Carlinda \u2013 Centro)<\/p>\n\n\n\n<p>Se har\u00e1 como Circular. Cuando llegue a Calle Pelayo girar a la izquierda para subir por Avda. de Barcelona.&nbsp; Hacia Carlinda. Recorrido por Velarde, Blas de Lezo, Sim\u00f3n Bol\u00edvar, cambio de sentido en rotonda de Luis Bu\u00f1uel y giro a la derecha por Arroyo de los \u00c1ngeles hacia Nuestra Se\u00f1ora de los Clarines.<\/p>\n\n\n\n<p><strong>L\u00ednea 8<\/strong><\/p>\n\n\n\n<p>Se divide:<\/p>\n\n\n\n<p><em>Zona Cl\u00ednico<\/em> (Navarro Ledesma \u2013 Centro)<\/p>\n\n\n\n<p>Sentido Centro: Finaliza en la rotonda Aparejador Federico Berm\u00fadez (Las Chapas) (parada 846) antes de rotonda, se recoger\u00e1n viajeros en parada zona sur (846) y en parada norte tras la rotonda (804).<\/p>\n\n\n\n<p>Zona Este (Sector Palo)<\/p>\n\n\n\n<p>Como consecuencia de la coincidencia de parte del recorrido con la prueba, no es posible asegurar ning\u00fan movimiento de la zona Este de esta l\u00ednea.<\/p>\n\n\n\n<p><strong>L\u00ednea 11<\/strong><\/p>\n\n\n\n<p>Se divide:<strong><\/strong><\/p>\n\n\n\n<p>Zona Universidad<strong><\/strong><\/p>\n\n\n\n<p>Mientras dure el corte de la rotonda Manuel Alc\u00e1ntara, recorrido hacia el centro por Av. Andaluc\u00eda y cambio de sentido en Escultor Palma Burgos, Puente de las Am\u00e9ricas, Alcalde Tom\u00e1s Dom\u00ednguez y Av. Andaluc\u00eda.<\/p>\n\n\n\n<p>Cuando abran rotonda Manuel Alc\u00e1ntara, cambio de sentido en dicha plaza recogiendo viajeros en ambas paradas de Av. Andaluc\u00eda: Sur (1463) y Norte (2009).<strong><\/strong><\/p>\n\n\n\n<p>Zona Este (Sector Palo)<strong><\/strong><\/p>\n\n\n\n<p>Como consecuencia de la coincidencia de parte del recorrido con la prueba, no es posible asegurar ning\u00fan movimiento de la zona Este de esta l\u00ednea.<\/p>\n\n\n\n<p><strong>L\u00ednea 14<\/strong><\/p>\n\n\n\n<p>Mientras dure el corte de rotonda Albert Camus, recorrido hacia el centro por Av. Aurora haciendo cambio de sentido en Puente de las Am\u00e9ricas y Alcalde Tom\u00e1s Dom\u00ednguez hacia Av. Andaluc\u00eda.<\/p>\n\n\n\n<p>Cuando se abra la rotonda Albert Camus se hace el cambio de sentido en dicha plaza.&nbsp; Anula toda la zona Centro y del Paseo de la Farola.<em><\/em><\/p>\n\n\n\n<p><strong>L\u00ednea 15<\/strong><\/p>\n\n\n\n<p>Sentido Virreina<\/p>\n\n\n\n<p>Recorrido normal hasta Blas de Lezo. Desde ah\u00ed contin\u00faa hacia Sim\u00f3n Bol\u00edvar y cambio de sentido en rotonda de Sim\u00f3n Bol\u00edvar con Valle Incl\u00e1n (Manuel Pellegrini). Cabecera en parada 1759 Sim\u00f3n Bol\u00edvar \u2013 Centro Comercial y desde ah\u00ed hacia cabecera en las Virreinas.<\/p>\n\n\n\n<p><strong>L\u00ednea 17<\/strong><\/p>\n\n\n\n<p>Sentido Centro<\/p>\n\n\n\n<p>Salida de cabecera en La Palma con su recorrido habitual haciendo las tres primeras paradas realizando el cambio de sentido en la rotonda de la Virreina volviendo a subir Jane Bowles. Cruzamos por el Puente del Conservatorio, atravesamos John Fitgerald Kennedy y contin\u00faa por Emilio Thuiller, Emilio D\u00edaz, Alb\u00e9niz y recorrido por San Juan Bosco y Cristo de la Epidemia hasta Plaza de la Victoria volviendo hacia la Palma desde Comp\u00e1s de la Victoria.<\/p>\n\n\n\n<p>Sentido La Palma<\/p>\n\n\n\n<p>Subida por C\/ Cristo de la Epidemia desde Comp\u00e1s de la Victoria, cotin\u00faa por Emilio Thuiller hasta John Fitgerald Kennedy, Puente del Conservatorio hacia cabecera en La Palma, pudiendo bajarse viajeros hasta la parada 1527 Pza Herbert Von Karajan.<\/p>\n\n\n\n<p><strong>Cuando se pueda utilizar el cruce de Av. Palmilla \u2013 Valle Incl\u00e1n<em>:<\/em><\/strong><\/p>\n\n\n\n<p>Sentido Centro<\/p>\n\n\n\n<p>Recorrido normal hasta Sim\u00f3n Bol\u00edvar, continuando hacia Blas de Lezo, Su\u00e1rez, Moraima, Morales Villarubia, Doctor Escassi, rotonda Aparejador Federico Berm\u00fadez, Mart\u00ednez Maldonado y cabecera en parada 848 Mart\u00ednez Maldonado- Eugenio Gross.<\/p>\n\n\n\n<p>Sentido La Palma<\/p>\n\n\n\n<p>Mart\u00ednez Maldonado, Av. Barcelona, Velarde, Blas de Lezo, Sim\u00f3n Bol\u00edvar y recupera su recorrido en Av. Valle Incl\u00e1n.<strong><\/strong><\/p>\n\n\n\n<p><strong>L\u00ednea 18<\/strong><\/p>\n\n\n\n<p>Sentido Ciudad Jard\u00edn<strong><\/strong><\/p>\n\n\n\n<p>Fin de l\u00ednea en rotonda de Sim\u00f3n Bol\u00edvar con Valle Incl\u00e1n (Manuel Pellegrini) y cabecera en parada 1759 Sim\u00f3n Bol\u00edvar \u2013 Centro Comercial. Anula recorrido por Valle Incl\u00e1n, Jane Bowles y Emilio Thuiller. Cuando el Puente del Mediterr\u00e1neo est\u00e9 operativo podr\u00e1 hacer el recorrido habitual completo.<\/p>\n\n\n\n<p><strong>L\u00ednea 19<\/strong><\/p>\n\n\n\n<p>Mientras est\u00e9 cortada la Plaza de Solidaridad y Callejones del Perchel recorrido habitual desde cabecera de Maqueda hasta calle Eguiluz y vuelta por Paseo de los Tilos. Una vez que se abra esa zona, recorrido habitual hasta Callejones del Perchel y vuelta en rotonda Albert Camus hacia Maqueda.<\/p>\n\n\n\n<p><strong>L\u00ednea 20<\/strong><\/p>\n\n\n\n<p>Se divide:<strong><\/strong><\/p>\n\n\n\n<p>Zona de Los Prados<\/p>\n\n\n\n<p>Mientras est\u00e9 cortada la Plaza de Solidaridad y Callejones del Perchel recorrido habitual desde Los Prados hasta calle Eguiluz y vuelta por Paseo de los Tilos. Una vez que se abra esa zona cambio de sentido en Plaza de la Solidaridad hacia Los Prados.<\/p>\n\n\n\n<p>Zona Ciudad Jard\u00edn<\/p>\n\n\n\n<p>Desde Ciudad jard\u00edn recorrido habitual hasta Emilio D\u00edaz. Desde ah\u00ed discurre por c\/ Alb\u00e9niz, San Juan Bosco, Cristo de la Epidemia hasta Plaza de la Victoria, girando hacia Comp\u00e1s de la Victoria para volver a subir de nuevo hacia Ciudad Jard\u00edn.<\/p>\n\n\n\n<p><strong>Cuando est\u00e9 operativo el Puente del Mediterr\u00e1neo se puede volver a unir la l\u00ednea<\/strong><\/p>\n\n\n\n<p>Sentido Ciudad Jard\u00edn<\/p>\n\n\n\n<p>Recorrido habitual hasta Plaza de la Solidaridad. Desde ah\u00ed Avenida de las Am\u00e9ricas, Puente de las Am\u00e9ricas, Ingeniero de la Torre Acosta, Doctor Escassi, Morales Villarubia, Mart\u00ednez de la Rosa, Blas de Lezo, Sim\u00f3n Bol\u00edvar, Valle Incl\u00e1n y recupera l\u00ednea en Lorenza Correa.<\/p>\n\n\n\n<p>Sentido Los Prados<\/p>\n\n\n\n<p>Desde Lorenza Correa hacia Valle Incl\u00e1n, Sim\u00f3n Bol\u00edvar, Blas de Lezo, Su\u00e1rez, Moraima, Morales Villarubia, Doctor Escassi, Ingeniero de la Torre Acosta, Puente de las Am\u00e9ricas, Avenida de las Am\u00e9ricas y recupera la l\u00ednea en Plaza de la Solidaridad hacia Paseo de los Tilos.<\/p>\n\n\n\n<p><strong>L\u00ednea 21<\/strong><\/p>\n\n\n\n<p>Fin en rotonda aparejador Federico Berm\u00fadez (Las Chapas). Cabecera en parada 846 Mart\u00ednez Maldonado. \u2013 Arroyo del Cuarto.<\/p>\n\n\n\n<p>Cuando est\u00e9 operativa Armengual de la Mota y la rotonda Manuel Alc\u00e1ntara y la l\u00ednea llegar\u00e1 hasta all\u00ed para hacer el cambio de sentido y subir hacia M\u00e1rmoles.<\/p>\n\n\n\n<p><strong>L\u00ednea 22<\/strong><\/p>\n\n\n\n<p>No afecta.<\/p>\n\n\n\n<p><strong>L\u00ednea 23<\/strong><\/p>\n\n\n\n<p>Fin en rotonda aparejador Federico Berm\u00fadez (Las Chapas). Cabecera en parada 846 Mart\u00ednez Maldonado- Arroyo el Cuarto.<\/p>\n\n\n\n<p>Cuando est\u00e9 operativa Armengual de la Mota y la rotonda Manuel Alc\u00e1ntara y la l\u00ednea llegar\u00e1 hasta all\u00ed para hacer el cambio de sentido y subir hacia M\u00e1rmoles.<\/p>\n\n\n\n<p><strong>L\u00ednea 25<\/strong><\/p>\n\n\n\n<p>Mientras dure el corte de la rotonda Manuel Alc\u00e1ntara, recorrido hacia el Centro por Av. Andaluc\u00eda y cambio de sentido en Escultor Palma Burgos, Puente de las Am\u00e9ricas, Alcalde Tom\u00e1s Dom\u00ednguez y Av. Andaluc\u00eda. Cuando se abra la Rotonda Manuel Alc\u00e1ntara, cambio de sentido en dicha plaza recogiendo viajeros en ambas paradas de Av Andaluc\u00eda: Sur (1463) y Norte (2009).<\/p>\n\n\n\n<p><strong>L\u00ednea 28<\/strong><\/p>\n\n\n\n<p>No afecta.<strong><\/strong><\/p>\n\n\n\n<p><strong>L\u00ednea 31<\/strong><\/p>\n\n\n\n<p>Anula recorrido por zona Parque Litoral haciendo cambio de sentido en rotonda de Moliere y estableciendo cabecera en parada 3164 Av. Moliere \u2013 Camino del Pato.<\/p>\n\n\n\n<p>Mientras est\u00e9 cortada la rotonda de Manuel Alc\u00e1ntara discurrir\u00e1 desde Herrera Oria por Tom\u00e1s Dom\u00ednguez,&nbsp; Manuel Espa\u00f1a Lobo y de nuevo Herrera Oria hacia Parque Litoral. Cuando abran la rotonda Manuel Alc\u00e1ntara cambio de sentido en rotonda Manuel Alc\u00e1ntara y cabecera en parada 2009 Av. Andaluc\u00eda Rotonda.<\/p>\n\n\n\n<p><strong>L\u00ednea 32<\/strong><strong><\/strong><\/p>\n\n\n\n<p>Circular hasta San Vicente de Paul volviendo a subir por paseo Miramar.<\/p>\n\n\n\n<p><strong>L\u00ednea 33<\/strong><strong><\/strong><\/p>\n\n\n\n<p>Circular haciendo cambio de sentido en la rotonda del Cerrado de Calder\u00f3n.<\/p>\n\n\n\n<p><strong>L\u00ednea 34<\/strong><\/p>\n\n\n\n<p>Circular haciendo giro a la izquierda desde Amador de los R\u00edos hacia Gabriel y Gal\u00e1n y Molino Hundido y volviendo a subir hacia cabecera.<\/p>\n\n\n\n<p><strong>L\u00ednea 35<\/strong><\/p>\n\n\n\n<p>Circular volviendo hacia cabecera en Gibralfaro por calle Apamares.<\/p>\n\n\n\n<p><strong>L\u00ednea 37<\/strong><strong><\/strong><\/p>\n\n\n\n<p>Recorrido normal hasta Plaza Victoria donde se vuelve hacia Camino de Colmenar desde Comp\u00e1s de la Victoria. <strong><\/strong><\/p>\n\n\n\n<p><strong>L\u00ednea 38<\/strong><\/p>\n\n\n\n<p>Fin en rotonda aparejador Federico Berm\u00fadez (Las Chapas). Cabecera en parada 846 Mart\u00ednez Maldonado \u2013 Arroyo del Cuarto.<\/p>\n\n\n\n<p>Cuando est\u00e9 operativa la rotonda Manuel Alc\u00e1ntara y Armengual de la Mota la l\u00ednea podr\u00e1 llegar hasta ah\u00ed, para hacer el cambio de sentido y retornar hacia c\/M\u00e1rmoles.<\/p>\n\n\n\n<p><strong>L\u00edneas Circular 1 y 2<\/strong><\/p>\n\n\n\n<p>Zona Centro &#8211; Oeste<strong><\/strong><\/p>\n\n\n\n<p>La l\u00ednea C2 al llegar a Explanada de la Estaci\u00f3n cambia el sentido y vuelve por avenida de las Am\u00e9ricas como C1 hasta Av. de Barcelona donde vuelve a subir por Velarde convirti\u00e9ndose en C2. Al principio mientras est\u00e9 cortada Avenida de las Am\u00e9ricas y Plaza de la Solidaridad se hace el cambio de sentido en Puente de las Am\u00e9ricas por Escultor Palma Burgos.<strong><\/strong><\/p>\n\n\n\n<p>Zona Norte<strong><\/strong><\/p>\n\n\n\n<p>La l\u00ednea C2 sale de la Plaza de la Victoria hacia Comp\u00e1s de la Victoria haciendo su recorrido hasta Rosario Pino donde sigue recto hasta Alb\u00e9niz, gira a la derecha y baja San Juan Bosco, ya como l\u00ednea C1 y Eduardo Dom\u00ednguez \u00c1vila y Alameda de&nbsp; Capuchinos hasta Plaza de la Victoria.<\/p>\n\n\n\n<p><strong>L\u00ednea Aeropuerto<\/strong><\/p>\n\n\n\n<p>Recorrido habitual desde Aeropuerto hasta parada de Estaci\u00f3n de autobuses y al salir directamente de nuevo hacia Explanada de la Estaci\u00f3n y H\u00e9roe de Sostoa.<\/p>\n\n\n\n<p>Mientras est\u00e9 cortada la Plaza de la Solidaridad, recorrido al salir de la Estaci\u00f3n de Autobuses hacia Paseo de los Tilos, Camino San Rafael, Juan XXIII y H\u00e9roe de Sostoa hacia Av. Vel\u00e1zquez.<strong><\/strong><\/p>\n\n\n\n<p><strong>Situaci\u00f3n cuando termine la carrera y solo quede por desmontar el operativo del Paseo del Parque:<\/strong><\/p>\n\n\n\n<p><strong>Las l\u00edneas que cruzan el Centro podr\u00e1n seguir su recorrido, direcci\u00f3n El Palo por Alameda Principal-Cortina del Muelle-Avda. Cervantes. En sentido Av. Andaluc\u00eda por Paseo de los Curas-Muelle Heredia- C\/ C\u00f3rdoba para retomar a Alameda.<\/strong><\/p>\n","protected":false},"excerpt":{"rendered":"<p>Con motivo de la Generali Marat\u00f3n M\u00e1laga 2025, dado que el recorrido de la prueba afecta a gran n\u00famero de&#8230;<\/p>\n","protected":false},"author":1,"featured_media":0,"comment_status":"closed","ping_status":"closed","sticky":false,"template":"","format":"standard","meta":{"footnotes":""},"categories":[203,9],"tags":[],"class_list":["post-4597","post","type-post","status-publish","format-standard","hentry","category-alteraciones","category-eventos-deportivos"],"_links":{"self":[{"href":"https:\/\/emtsam.org\/blog\/wp-json\/wp\/v2\/posts\/4597","targetHints":{"allow":["GET"]}}],"collection":[{"href":"https:\/\/emtsam.org\/blog\/wp-json\/wp\/v2\/posts"}],"about":[{"href":"https:\/\/emtsam.org\/blog\/wp-json\/wp\/v2\/types\/post"}],"author":[{"embeddable":true,"href":"https:\/\/emtsam.org\/blog\/wp-json\/wp\/v2\/users\/1"}],"replies":[{"embeddable":true,"href":"https:\/\/emtsam.org\/blog\/wp-json\/wp\/v2\/comments?post=4597"}],"version-history":[{"count":1,"href":"https:\/\/emtsam.org\/blog\/wp-json\/wp\/v2\/posts\/4597\/revisions"}],"predecessor-version":[{"id":4599,"href":"https:\/\/emtsam.org\/blog\/wp-json\/wp\/v2\/posts\/4597\/revisions\/4599"}],"wp:attachment":[{"href":"https:\/\/emtsam.org\/blog\/wp-json\/wp\/v2\/media?parent=4597"}],"wp:term":[{"taxonomy":"category","embeddable":true,"href":"https:\/\/emtsam.org\/blog\/wp-json\/wp\/v2\/categories?post=4597"},{"taxonomy":"post_tag","embeddable":true,"href":"https:\/\/emtsam.org\/blog\/wp-json\/wp\/v2\/tags?post=4597"}],"curies":[{"name":"wp","href":"https:\/\/api.w.org\/{rel}","templated":true}]}}