{"id":4663,"date":"2026-03-16T15:20:40","date_gmt":"2026-03-16T13:20:40","guid":{"rendered":"https:\/\/emtsam.org\/blog\/?p=4663"},"modified":"2026-03-16T15:24:21","modified_gmt":"2026-03-16T13:24:21","slug":"19-20-y-21-de-marzo-alteraciones-en-horarios-y-recorridos-por-traslados-y-procesiones","status":"publish","type":"post","link":"https:\/\/emtsam.org\/blog\/19-20-y-21-de-marzo-alteraciones-en-horarios-y-recorridos-por-traslados-y-procesiones\/","title":{"rendered":"19, 20 y 21 de marzo. Alteraciones en horarios y recorridos por traslados y procesiones"},"content":{"rendered":"\n<p>Por motivo de traslados y procesiones en diferentes barrios de M\u00e1laga, algunas de nuestras l\u00edneas podr\u00e1n experimentar alteraciones en horarios y recorridos.<\/p>\n\n\n\n<figure class=\"wp-block-image size-large\"><a href=\"https:\/\/emtsam.org\/blog\/wp-content\/uploads\/2026\/03\/Avisos-Agrupadas-Traslados-Procesiones-y-Semana-Santa-2026.jpg\"><img loading=\"lazy\" decoding=\"async\" width=\"724\" height=\"1024\" src=\"https:\/\/emtsam.org\/blog\/wp-content\/uploads\/2026\/03\/Avisos-Agrupadas-Traslados-Procesiones-y-Semana-Santa-2026-724x1024.jpg\" alt=\"\" class=\"wp-image-4666\" srcset=\"https:\/\/emtsam.org\/blog\/wp-content\/uploads\/2026\/03\/Avisos-Agrupadas-Traslados-Procesiones-y-Semana-Santa-2026-724x1024.jpg 724w, https:\/\/emtsam.org\/blog\/wp-content\/uploads\/2026\/03\/Avisos-Agrupadas-Traslados-Procesiones-y-Semana-Santa-2026-212x300.jpg 212w, https:\/\/emtsam.org\/blog\/wp-content\/uploads\/2026\/03\/Avisos-Agrupadas-Traslados-Procesiones-y-Semana-Santa-2026-768x1086.jpg 768w, https:\/\/emtsam.org\/blog\/wp-content\/uploads\/2026\/03\/Avisos-Agrupadas-Traslados-Procesiones-y-Semana-Santa-2026-1086x1536.jpg 1086w, https:\/\/emtsam.org\/blog\/wp-content\/uploads\/2026\/03\/Avisos-Agrupadas-Traslados-Procesiones-y-Semana-Santa-2026.jpg 1414w\" sizes=\"auto, (max-width: 724px) 100vw, 724px\" \/><\/a><\/figure>\n\n\n\n<figure class=\"wp-block-image size-large is-resized\"><a href=\"https:\/\/emtsam.org\/blog\/wp-content\/uploads\/2026\/03\/2.jpg\"><img loading=\"lazy\" decoding=\"async\" width=\"724\" height=\"1024\" src=\"https:\/\/emtsam.org\/blog\/wp-content\/uploads\/2026\/03\/2-724x1024.jpg\" alt=\"\" class=\"wp-image-4669\" style=\"width:724px;height:auto\" srcset=\"https:\/\/emtsam.org\/blog\/wp-content\/uploads\/2026\/03\/2-724x1024.jpg 724w, https:\/\/emtsam.org\/blog\/wp-content\/uploads\/2026\/03\/2-212x300.jpg 212w, https:\/\/emtsam.org\/blog\/wp-content\/uploads\/2026\/03\/2-768x1086.jpg 768w, https:\/\/emtsam.org\/blog\/wp-content\/uploads\/2026\/03\/2-1086x1536.jpg 1086w, https:\/\/emtsam.org\/blog\/wp-content\/uploads\/2026\/03\/2.jpg 1414w\" sizes=\"auto, (max-width: 724px) 100vw, 724px\" \/><\/a><\/figure>\n\n\n\n<figure class=\"wp-block-image size-large is-resized\"><a href=\"https:\/\/emtsam.org\/blog\/wp-content\/uploads\/2026\/03\/3.jpg\"><img loading=\"lazy\" decoding=\"async\" width=\"724\" height=\"1024\" src=\"https:\/\/emtsam.org\/blog\/wp-content\/uploads\/2026\/03\/3-724x1024.jpg\" alt=\"\" class=\"wp-image-4670\" style=\"width:724px;height:auto\" srcset=\"https:\/\/emtsam.org\/blog\/wp-content\/uploads\/2026\/03\/3-724x1024.jpg 724w, https:\/\/emtsam.org\/blog\/wp-content\/uploads\/2026\/03\/3-212x300.jpg 212w, https:\/\/emtsam.org\/blog\/wp-content\/uploads\/2026\/03\/3-768x1086.jpg 768w, https:\/\/emtsam.org\/blog\/wp-content\/uploads\/2026\/03\/3-1086x1536.jpg 1086w, https:\/\/emtsam.org\/blog\/wp-content\/uploads\/2026\/03\/3.jpg 1414w\" sizes=\"auto, (max-width: 724px) 100vw, 724px\" \/><\/a><\/figure>\n\n\n\n<figure class=\"wp-block-image size-large\"><a href=\"https:\/\/emtsam.org\/blog\/wp-content\/uploads\/2026\/03\/4.jpg\"><img loading=\"lazy\" decoding=\"async\" width=\"1414\" height=\"2000\" src=\"https:\/\/emtsam.org\/blog\/wp-content\/uploads\/2026\/03\/4-724x1024.jpg\" alt=\"\" class=\"wp-image-4671\" srcset=\"https:\/\/emtsam.org\/blog\/wp-content\/uploads\/2026\/03\/4-724x1024.jpg 724w, https:\/\/emtsam.org\/blog\/wp-content\/uploads\/2026\/03\/4-212x300.jpg 212w, https:\/\/emtsam.org\/blog\/wp-content\/uploads\/2026\/03\/4-768x1086.jpg 768w, https:\/\/emtsam.org\/blog\/wp-content\/uploads\/2026\/03\/4-1086x1536.jpg 1086w, https:\/\/emtsam.org\/blog\/wp-content\/uploads\/2026\/03\/4.jpg 1414w\" sizes=\"auto, (max-width: 1414px) 100vw, 1414px\" \/><\/a><\/figure>\n\n\n\n<figure class=\"wp-block-image size-large\"><a href=\"https:\/\/emtsam.org\/blog\/wp-content\/uploads\/2026\/03\/5.jpg\"><img loading=\"lazy\" decoding=\"async\" width=\"724\" height=\"1024\" src=\"https:\/\/emtsam.org\/blog\/wp-content\/uploads\/2026\/03\/5-724x1024.jpg\" alt=\"\" class=\"wp-image-4672\" srcset=\"https:\/\/emtsam.org\/blog\/wp-content\/uploads\/2026\/03\/5-724x1024.jpg 724w, https:\/\/emtsam.org\/blog\/wp-content\/uploads\/2026\/03\/5-212x300.jpg 212w, https:\/\/emtsam.org\/blog\/wp-content\/uploads\/2026\/03\/5-768x1086.jpg 768w, https:\/\/emtsam.org\/blog\/wp-content\/uploads\/2026\/03\/5-1086x1536.jpg 1086w, https:\/\/emtsam.org\/blog\/wp-content\/uploads\/2026\/03\/5.jpg 1414w\" sizes=\"auto, (max-width: 724px) 100vw, 724px\" \/><\/a><\/figure>\n\n\n\n<figure class=\"wp-block-image size-large\"><a href=\"https:\/\/emtsam.org\/blog\/wp-content\/uploads\/2026\/03\/Avisos-No-agrupadas-Traslados-Procesiones-y-Semana-Santa-2026-1-1.jpg\"><img loading=\"lazy\" decoding=\"async\" width=\"724\" height=\"1024\" src=\"https:\/\/emtsam.org\/blog\/wp-content\/uploads\/2026\/03\/Avisos-No-agrupadas-Traslados-Procesiones-y-Semana-Santa-2026-1-1-724x1024.jpg\" alt=\"\" class=\"wp-image-4667\" srcset=\"https:\/\/emtsam.org\/blog\/wp-content\/uploads\/2026\/03\/Avisos-No-agrupadas-Traslados-Procesiones-y-Semana-Santa-2026-1-1-724x1024.jpg 724w, https:\/\/emtsam.org\/blog\/wp-content\/uploads\/2026\/03\/Avisos-No-agrupadas-Traslados-Procesiones-y-Semana-Santa-2026-1-1-212x300.jpg 212w, https:\/\/emtsam.org\/blog\/wp-content\/uploads\/2026\/03\/Avisos-No-agrupadas-Traslados-Procesiones-y-Semana-Santa-2026-1-1-768x1086.jpg 768w, https:\/\/emtsam.org\/blog\/wp-content\/uploads\/2026\/03\/Avisos-No-agrupadas-Traslados-Procesiones-y-Semana-Santa-2026-1-1-1086x1536.jpg 1086w, https:\/\/emtsam.org\/blog\/wp-content\/uploads\/2026\/03\/Avisos-No-agrupadas-Traslados-Procesiones-y-Semana-Santa-2026-1-1.jpg 1414w\" sizes=\"auto, (max-width: 724px) 100vw, 724px\" \/><\/a><\/figure>\n\n\n\n<figure class=\"wp-block-image size-large\"><a href=\"https:\/\/emtsam.org\/blog\/wp-content\/uploads\/2026\/03\/Avisos-No-agrupadas-Traslados-Procesiones-y-Semana-Santa-2026-2.jpg\"><img loading=\"lazy\" decoding=\"async\" width=\"724\" height=\"1024\" src=\"https:\/\/emtsam.org\/blog\/wp-content\/uploads\/2026\/03\/Avisos-No-agrupadas-Traslados-Procesiones-y-Semana-Santa-2026-2-724x1024.jpg\" alt=\"\" class=\"wp-image-4668\" srcset=\"https:\/\/emtsam.org\/blog\/wp-content\/uploads\/2026\/03\/Avisos-No-agrupadas-Traslados-Procesiones-y-Semana-Santa-2026-2-724x1024.jpg 724w, https:\/\/emtsam.org\/blog\/wp-content\/uploads\/2026\/03\/Avisos-No-agrupadas-Traslados-Procesiones-y-Semana-Santa-2026-2-212x300.jpg 212w, https:\/\/emtsam.org\/blog\/wp-content\/uploads\/2026\/03\/Avisos-No-agrupadas-Traslados-Procesiones-y-Semana-Santa-2026-2-768x1086.jpg 768w, https:\/\/emtsam.org\/blog\/wp-content\/uploads\/2026\/03\/Avisos-No-agrupadas-Traslados-Procesiones-y-Semana-Santa-2026-2-1086x1536.jpg 1086w, https:\/\/emtsam.org\/blog\/wp-content\/uploads\/2026\/03\/Avisos-No-agrupadas-Traslados-Procesiones-y-Semana-Santa-2026-2.jpg 1414w\" sizes=\"auto, (max-width: 724px) 100vw, 724px\" \/><\/a><\/figure>\n\n\n\n<figure class=\"wp-block-image size-large is-resized\"><a href=\"https:\/\/emtsam.org\/blog\/wp-content\/uploads\/2026\/03\/8.jpg\"><img loading=\"lazy\" decoding=\"async\" width=\"724\" height=\"1024\" src=\"https:\/\/emtsam.org\/blog\/wp-content\/uploads\/2026\/03\/8-724x1024.jpg\" alt=\"\" class=\"wp-image-4673\" style=\"width:724px;height:auto\" srcset=\"https:\/\/emtsam.org\/blog\/wp-content\/uploads\/2026\/03\/8-724x1024.jpg 724w, https:\/\/emtsam.org\/blog\/wp-content\/uploads\/2026\/03\/8-212x300.jpg 212w, https:\/\/emtsam.org\/blog\/wp-content\/uploads\/2026\/03\/8-768x1086.jpg 768w, https:\/\/emtsam.org\/blog\/wp-content\/uploads\/2026\/03\/8-1086x1536.jpg 1086w, https:\/\/emtsam.org\/blog\/wp-content\/uploads\/2026\/03\/8.jpg 1414w\" sizes=\"auto, (max-width: 724px) 100vw, 724px\" \/><\/a><\/figure>\n\n\n\n<figure class=\"wp-block-image size-large\"><a href=\"https:\/\/emtsam.org\/blog\/wp-content\/uploads\/2026\/03\/9.jpg\"><img loading=\"lazy\" decoding=\"async\" width=\"724\" height=\"1024\" src=\"https:\/\/emtsam.org\/blog\/wp-content\/uploads\/2026\/03\/9-724x1024.jpg\" alt=\"\" class=\"wp-image-4674\" srcset=\"https:\/\/emtsam.org\/blog\/wp-content\/uploads\/2026\/03\/9-724x1024.jpg 724w, https:\/\/emtsam.org\/blog\/wp-content\/uploads\/2026\/03\/9-212x300.jpg 212w, https:\/\/emtsam.org\/blog\/wp-content\/uploads\/2026\/03\/9-768x1086.jpg 768w, https:\/\/emtsam.org\/blog\/wp-content\/uploads\/2026\/03\/9-1086x1536.jpg 1086w, https:\/\/emtsam.org\/blog\/wp-content\/uploads\/2026\/03\/9.jpg 1414w\" sizes=\"auto, (max-width: 724px) 100vw, 724px\" \/><\/a><\/figure>\n\n\n\n<figure class=\"wp-block-image size-large\"><a href=\"https:\/\/emtsam.org\/blog\/wp-content\/uploads\/2026\/03\/Avisos-No-agrupadas-Traslados-Procesiones-y-Semana-Santa-2026-2-1.jpg\"><img loading=\"lazy\" decoding=\"async\" width=\"724\" height=\"1024\" src=\"https:\/\/emtsam.org\/blog\/wp-content\/uploads\/2026\/03\/Avisos-No-agrupadas-Traslados-Procesiones-y-Semana-Santa-2026-2-1-724x1024.jpg\" alt=\"\" class=\"wp-image-4677\" srcset=\"https:\/\/emtsam.org\/blog\/wp-content\/uploads\/2026\/03\/Avisos-No-agrupadas-Traslados-Procesiones-y-Semana-Santa-2026-2-1-724x1024.jpg 724w, https:\/\/emtsam.org\/blog\/wp-content\/uploads\/2026\/03\/Avisos-No-agrupadas-Traslados-Procesiones-y-Semana-Santa-2026-2-1-212x300.jpg 212w, https:\/\/emtsam.org\/blog\/wp-content\/uploads\/2026\/03\/Avisos-No-agrupadas-Traslados-Procesiones-y-Semana-Santa-2026-2-1-768x1086.jpg 768w, https:\/\/emtsam.org\/blog\/wp-content\/uploads\/2026\/03\/Avisos-No-agrupadas-Traslados-Procesiones-y-Semana-Santa-2026-2-1-1086x1536.jpg 1086w, https:\/\/emtsam.org\/blog\/wp-content\/uploads\/2026\/03\/Avisos-No-agrupadas-Traslados-Procesiones-y-Semana-Santa-2026-2-1.jpg 1414w\" sizes=\"auto, (max-width: 724px) 100vw, 724px\" \/><\/a><\/figure>\n","protected":false},"excerpt":{"rendered":"<p>Por motivo de traslados y procesiones en diferentes barrios de M\u00e1laga, algunas de nuestras l\u00edneas podr\u00e1n experimentar alteraciones en horarios&#8230;<\/p>\n","protected":false},"author":1,"featured_media":0,"comment_status":"closed","ping_status":"closed","sticky":false,"template":"","format":"standard","meta":{"footnotes":""},"categories":[203,7,1],"tags":[],"class_list":["post-4663","post","type-post","status-publish","format-standard","hentry","category-alteraciones","category-semana-santa","category-uncategorized"],"_links":{"self":[{"href":"https:\/\/emtsam.org\/blog\/wp-json\/wp\/v2\/posts\/4663","targetHints":{"allow":["GET"]}}],"collection":[{"href":"https:\/\/emtsam.org\/blog\/wp-json\/wp\/v2\/posts"}],"about":[{"href":"https:\/\/emtsam.org\/blog\/wp-json\/wp\/v2\/types\/post"}],"author":[{"embeddable":true,"href":"https:\/\/emtsam.org\/blog\/wp-json\/wp\/v2\/users\/1"}],"replies":[{"embeddable":true,"href":"https:\/\/emtsam.org\/blog\/wp-json\/wp\/v2\/comments?post=4663"}],"version-history":[{"count":2,"href":"https:\/\/emtsam.org\/blog\/wp-json\/wp\/v2\/posts\/4663\/revisions"}],"predecessor-version":[{"id":4678,"href":"https:\/\/emtsam.org\/blog\/wp-json\/wp\/v2\/posts\/4663\/revisions\/4678"}],"wp:attachment":[{"href":"https:\/\/emtsam.org\/blog\/wp-json\/wp\/v2\/media?parent=4663"}],"wp:term":[{"taxonomy":"category","embeddable":true,"href":"https:\/\/emtsam.org\/blog\/wp-json\/wp\/v2\/categories?post=4663"},{"taxonomy":"post_tag","embeddable":true,"href":"https:\/\/emtsam.org\/blog\/wp-json\/wp\/v2\/tags?post=4663"}],"curies":[{"name":"wp","href":"https:\/\/api.w.org\/{rel}","templated":true}]}}