{"id":4851,"date":"2026-09-02T09:50:51","date_gmt":"2026-09-02T07:50:51","guid":{"rendered":"https:\/\/emtsam.org\/blog\/?p=4851"},"modified":"2026-09-02T11:57:36","modified_gmt":"2026-09-02T09:57:36","slug":"informacion-de-la-emt-por-manifestaciones-para-hoy-2-de-septiembre","status":"publish","type":"post","link":"https:\/\/emtsam.org\/blog\/informacion-de-la-emt-por-manifestaciones-para-hoy-2-de-septiembre\/","title":{"rendered":"Informaci\u00f3n de la EMT por manifestaciones para hoy, 2 de septiembre"},"content":{"rendered":"\n<p class=\"wp-block-paragraph\">Con motivo de las concentraciones y manifestaciones convocadas para esta tarde, a partir de las 19:00 horas aproximadamente, se prev\u00e9n alteraciones en distintas l\u00edneas de la EMT debido a los cortes de tr\u00e1fico programados y a otros que puedan producirse en funci\u00f3n del desarrollo de la jornada.<\/p>\n\n\n\n<p class=\"wp-block-paragraph\">Desv\u00edos previstos:<\/p>\n\n\n\n<ul class=\"wp-block-list\">\n<li>Corte al tr\u00e1fico del eje Plaza de la Marina &#8211; Paseo del Parque. Los autobuses realizar\u00e1n su recorrido por el denominado &#8216;eje del mar&#8217;, circulando por Avenida Manuel Agust\u00edn Heredia y Paseo de los Curas. Cuando el Paseo del Parque permanezca cortado, los veh\u00edculos continuar\u00e1n desde Paseo de los Curas por el Paseo Mar\u00edtimo Ciudad de Melilla \/ Paseo Mar\u00edtimo Pablo Ruiz Picasso, seg\u00fan corresponda a cada l\u00ednea.<\/li>\n\n\n\n<li>Las l\u00edneas 1, Circular 1, Circular 2 y 37, ante la previsi\u00f3n de que pueda quedar cortado al tr\u00e1fico el T\u00fanel de la Alcazaba y la Plaza de Torrijos, realizar\u00e1n su itinerario alternativo por Camino de los Almendrales y calle La Era (Limonar).<\/li>\n\n\n\n<li>Asimismo, si las afecciones al tr\u00e1fico se extienden a Paseo de Reding y Paseo de Sancha, los autobuses continuar\u00e1n su recorrido por calle V\u00e9lez M\u00e1laga y Paseo Mar\u00edtimo Pablo Ruiz Picasso, evitando las zonas afectadas.<\/li>\n\n\n\n<li>Tambi\u00e9n existe la previsi\u00f3n de afecciones o corte de tr\u00e1fico en Pasillo de Santa Isabel. En este caso, las l\u00edneas 2, 17, 30 y 36 podr\u00e1n ver alterados tanto sus horarios como sus recorridos, en funci\u00f3n de las necesidades de movilidad y de los desv\u00edos que sea necesario establecer.<\/li>\n\n\n\n<li>Adem\u00e1s, al permanecer cerrado al tr\u00e1fico el eje Plaza de la Marina &#8211; Paseo del Parque, numerosas l\u00edneas que habitualmente discurren por esta zona tambi\u00e9n se ver\u00e1n afectadas en sus recorridos por el Centro, pudiendo registrar modificaciones temporales de itinerario y paradas.<\/li>\n<\/ul>\n\n\n\n<p class=\"wp-block-paragraph\"><strong>Recomendaci\u00f3n a las personas usuarias<\/strong><\/p>\n\n\n\n<p class=\"wp-block-paragraph\">Los horarios y las paradas habituales podr\u00e1n sufrir modificaciones durante la tarde. Por ello, se recomienda consultar la web oficial de la EMT <a href=\"https:\/\/navega.emtmalaga.es\/lineas\">https:\/\/navega.emtmalaga.es\/lineas<\/a> o contactar con los canales oficiales de informaci\u00f3n para conocer en tiempo real los recorridos alternativos, las incidencias y los tiempos de paso.<\/p>\n\n\n\n<p class=\"wp-block-paragraph\">La EMT recomienda planificar los desplazamientos con antelaci\u00f3n y seguir las actualizaciones del servicio durante el desarrollo de las movilizaciones.<\/p>\n\n\n\n<p class=\"wp-block-paragraph\">En todo caso, ser\u00e1 la Polic\u00eda Local la que, en funci\u00f3n del desarrollo de las manifestaciones y de las condiciones de seguridad y movilidad existentes en cada momento, ir\u00e1 determinando la reapertura al tr\u00e1fico de las distintas v\u00edas afectadas, lo que podr\u00e1 dar lugar a modificaciones adicionales en los recorridos del servicio.<\/p>\n\n\n\n<p class=\"wp-block-paragraph\"><\/p>\n","protected":false},"excerpt":{"rendered":"<p>Con motivo de las concentraciones y manifestaciones convocadas para esta tarde, a partir de las 19:00 horas aproximadamente, se prev\u00e9n&#8230;<\/p>\n","protected":false},"author":1,"featured_media":0,"comment_status":"closed","ping_status":"closed","sticky":false,"template":"","format":"standard","meta":{"footnotes":""},"categories":[1],"tags":[],"class_list":["post-4851","post","type-post","status-publish","format-standard","hentry","category-uncategorized"],"_links":{"self":[{"href":"https:\/\/emtsam.org\/blog\/wp-json\/wp\/v2\/posts\/4851","targetHints":{"allow":["GET"]}}],"collection":[{"href":"https:\/\/emtsam.org\/blog\/wp-json\/wp\/v2\/posts"}],"about":[{"href":"https:\/\/emtsam.org\/blog\/wp-json\/wp\/v2\/types\/post"}],"author":[{"embeddable":true,"href":"https:\/\/emtsam.org\/blog\/wp-json\/wp\/v2\/users\/1"}],"replies":[{"embeddable":true,"href":"https:\/\/emtsam.org\/blog\/wp-json\/wp\/v2\/comments?post=4851"}],"version-history":[{"count":3,"href":"https:\/\/emtsam.org\/blog\/wp-json\/wp\/v2\/posts\/4851\/revisions"}],"predecessor-version":[{"id":4854,"href":"https:\/\/emtsam.org\/blog\/wp-json\/wp\/v2\/posts\/4851\/revisions\/4854"}],"wp:attachment":[{"href":"https:\/\/emtsam.org\/blog\/wp-json\/wp\/v2\/media?parent=4851"}],"wp:term":[{"taxonomy":"category","embeddable":true,"href":"https:\/\/emtsam.org\/blog\/wp-json\/wp\/v2\/categories?post=4851"},{"taxonomy":"post_tag","embeddable":true,"href":"https:\/\/emtsam.org\/blog\/wp-json\/wp\/v2\/tags?post=4851"}],"curies":[{"name":"wp","href":"https:\/\/api.w.org\/{rel}","templated":true}]}}